{"id":24132,"date":"2015-02-07T06:34:49","date_gmt":"2015-02-07T09:34:49","guid":{"rendered":"http:\/\/argentinamunicipal.com.ar\/argentina\/?p=24132"},"modified":"2015-02-07T07:48:06","modified_gmt":"2015-02-07T10:48:06","slug":"10o-festival-homenaje-jorge-cafrune-en-el-carmen-7-y-8-de-febrero","status":"publish","type":"post","link":"http:\/\/argentinamunicipal.com.ar\/argentina\/10o-festival-homenaje-jorge-cafrune-en-el-carmen-7-y-8-de-febrero\/","title":{"rendered":"10\u00ba Festival Homenaje a Jorge Cafrune en El Carmen, 7 y 8 de febrero"},"content":{"rendered":"<p><a href=\"http:\/\/argentinamunicipal.com.ar\/argentina\/wp-content\/uploads\/2015\/02\/9106_Foto_3_de_febrero_02-e1423230016278.jpg\"><img loading=\"lazy\" decoding=\"async\" class=\"aligncenter wp-image-24133 \" src=\"http:\/\/argentinamunicipal.com.ar\/argentina\/wp-content\/uploads\/2015\/02\/9106_Foto_3_de_febrero_02-e1423230016278.jpg\" alt=\"\" width=\"501\" height=\"536\" srcset=\"http:\/\/argentinamunicipal.com.ar\/argentina\/wp-content\/uploads\/2015\/02\/9106_Foto_3_de_febrero_02-e1423230016278.jpg 642w, http:\/\/argentinamunicipal.com.ar\/argentina\/wp-content\/uploads\/2015\/02\/9106_Foto_3_de_febrero_02-e1423230016278-280x300.jpg 280w\" sizes=\"auto, (max-width: 501px) 100vw, 501px\" \/><\/a><\/p>\n<p>Los ex chalchaleros Pancho Figueroa y Polo Rom\u00e1n, y \u201cLos 4 de C\u00f3rdoba\u201d, entre otros artistas, participar\u00e1n del D\u00e9cimo Festival en honor al popular cantor Jorge Cafrune&#8230;<\/p>\n<p>Que se realizar\u00e1 el pr\u00f3ximo s\u00e1bado y domingo en la localidad de El Carmen, a 27 kil\u00f3metros de nuestra capital juje\u00f1a.<\/p>\n<p>\u201cLa cartelera est\u00e1 pensada en pos de revalorizar la real tradici\u00f3n gaucha poniendo como protagonista a la familia; fortaleciendo su arraigo cultural, sus valores solidarios y de participaci\u00f3n\u201d, se\u00f1al\u00f3 el secretario de Turismo de El Carmen, V\u00edctor Navarro.<\/p>\n<p>Las actividades programadas por el municipio, por un nuevo aniversario de fallecimiento del cantor, se iniciar\u00e1n con una marcha denominada \u201cDe a caballo por mi Patria\u201d que partir\u00e1 el s\u00e1bado a las 9:00, desde la iglesia catedral, en la capital juje\u00f1a, hasta arribar al poblado.<\/p>\n<p>Los jinetes, que se calcula ser\u00e1n cerca de 200, har\u00e1n una parada en la localidad de Los Alisos, donde compartir\u00e1n un almuerzo criollo, para luego seguir camino hasta llegar, cerca de las 19:00, al monolito en honor a Jorge Cafrune, asentado en la mencionada ciudad, donde se celebrar\u00e1 un acto y posterior desfile.<\/p>\n<p><a href=\"http:\/\/argentinamunicipal.com.ar\/argentina\/wp-content\/uploads\/2015\/02\/FEST.png\"><img loading=\"lazy\" decoding=\"async\" class=\"alignleft size-full wp-image-24134\" src=\"http:\/\/argentinamunicipal.com.ar\/argentina\/wp-content\/uploads\/2015\/02\/FEST.png\" alt=\"FEST\" width=\"306\" height=\"455\" srcset=\"http:\/\/argentinamunicipal.com.ar\/argentina\/wp-content\/uploads\/2015\/02\/FEST.png 306w, http:\/\/argentinamunicipal.com.ar\/argentina\/wp-content\/uploads\/2015\/02\/FEST-202x300.png 202w\" sizes=\"auto, (max-width: 306px) 100vw, 306px\" \/><\/a>El esperado festival tendr\u00e1 lugar a partir de las 21:00, momento en el que dar\u00e1n inicio las presentaciones musicales sobre el escenario \u201cJorge Cafrune\u201d, ubicado en el camping municipal, distante a tan solo 5 kil\u00f3metros de la ciudad y a la vera de la Ruta Nacional 9.<\/p>\n<p>Entre las presentaciones de la primera luna se encuentran: Los ex chalchaleros Pacho Figueroa y Polo Rom\u00e1n, Dalmiro Cuellar y \u201cSentimientos Manseros\u201d. Adem\u00e1s actuar\u00e1n Becho Riveiro, una de las revelaciones m\u00e1s j\u00f3venes de El Carmen, sumado a otros artistas como Carlitos Maman\u00ed, \u201cAs\u00ed nomas\u201d, \u201cPal\u2019 Estribo\u201d y Aldo La Zamba.<\/p>\n<p>El domingo, la cita ser\u00e1 a partir de las 13:00, jornada en la que subir\u00e1n al escenario otras figuras del folklore argentino como \u201cLos 4 de C\u00f3rdoba\u201d, el salte\u00f1o Pitin Zalazar y el grupo tucumano \u201cLos del R\u00edo\u201d.<\/p>\n<p>El p\u00fablico tambi\u00e9n podr\u00e1 disfrutar de la presentaci\u00f3n de \u201cLos Criollos\u201d, \u201cTupac 7\u201d, Franco Patagua y Leandro Guarachi, entre otros artistas a los que se sumar\u00e1 el grupo \u201cK\u2019hasaucho Tr\u00edo\u201d especialmente llegado de Tupiza-Bolivia.<\/p>\n<p>Ambas jornadas festivaleras contar\u00e1n adem\u00e1s con la actuaci\u00f3n de ballets de danzas a los cuales se podr\u00e1 sumar todo el p\u00fablico presente, y con la presencia de peque\u00f1os emprendedores de la zona que pondr\u00e1n a la venta comidas regionales y artesan\u00edas.<\/p>\n<p>Tambi\u00e9n habr\u00e1 destrezas criollas, pialada y doma con m\u00e1s de 30 montas de los mejores reservados del norte argentino.<\/p>\n<p>\u201cHomenajear a Cafrune tiene la intenci\u00f3n de recuperar el valor de la cultura local pensando, sobre todo, en los m\u00e1s j\u00f3venes, y de hecho en El Carmen tenemos dos artistas en ese camino como lo son Bruno Arias que ya est\u00e1 consagrado, y Becho Riveiro que est\u00e1 siguiendo el mismo camino\u201d, valor\u00f3 el secretario.<\/p>\n<p>Para finalizar, Navarro anticip\u00f3 que la ciudad est\u00e1 en camino de tener un centro Cultural \u201cJorge Cafrune\u201d en lo que fue la casa vecina donde \u00e9l naci\u00f3, lugar en el que se podr\u00e1 compartir filmaciones sobre su vida y trayectoria musical, que \u201cser\u00e1 un espacio de gran significado para nosotros y destinado al visitante que quiera empaparse de Cafrune\u201d, finaliz\u00f3.<\/p>\n<h6>Fuente: Preg\u00f3n<\/h6>\n","protected":false},"excerpt":{"rendered":"<p>Los ex chalchaleros Pancho Figueroa y Polo Rom\u00e1n, y \u201cLos 4 de C\u00f3rdoba\u201d, entre otros artistas, participar\u00e1n del D\u00e9cimo Festival en honor al popular cantor Jorge Cafrune&#8230; Que se realizar\u00e1 el pr\u00f3ximo s\u00e1bado y domingo en la localidad de El Carmen, a 27 kil\u00f3metros de nuestra capital juje\u00f1a. \u201cLa cartelera est\u00e1 pensada en pos de<\/p>\n","protected":false},"author":2,"featured_media":24158,"comment_status":"closed","ping_status":"closed","sticky":false,"template":"","format":"standard","meta":{"footnotes":""},"categories":[47],"tags":[25],"class_list":["post-24132","post","type-post","status-publish","format-standard","has-post-thumbnail","hentry","category-fiestas","tag-jujuy"],"_links":{"self":[{"href":"http:\/\/argentinamunicipal.com.ar\/argentina\/wp-json\/wp\/v2\/posts\/24132","targetHints":{"allow":["GET"]}}],"collection":[{"href":"http:\/\/argentinamunicipal.com.ar\/argentina\/wp-json\/wp\/v2\/posts"}],"about":[{"href":"http:\/\/argentinamunicipal.com.ar\/argentina\/wp-json\/wp\/v2\/types\/post"}],"author":[{"embeddable":true,"href":"http:\/\/argentinamunicipal.com.ar\/argentina\/wp-json\/wp\/v2\/users\/2"}],"replies":[{"embeddable":true,"href":"http:\/\/argentinamunicipal.com.ar\/argentina\/wp-json\/wp\/v2\/comments?post=24132"}],"version-history":[{"count":0,"href":"http:\/\/argentinamunicipal.com.ar\/argentina\/wp-json\/wp\/v2\/posts\/24132\/revisions"}],"wp:featuredmedia":[{"embeddable":true,"href":"http:\/\/argentinamunicipal.com.ar\/argentina\/wp-json\/wp\/v2\/media\/24158"}],"wp:attachment":[{"href":"http:\/\/argentinamunicipal.com.ar\/argentina\/wp-json\/wp\/v2\/media?parent=24132"}],"wp:term":[{"taxonomy":"category","embeddable":true,"href":"http:\/\/argentinamunicipal.com.ar\/argentina\/wp-json\/wp\/v2\/categories?post=24132"},{"taxonomy":"post_tag","embeddable":true,"href":"http:\/\/argentinamunicipal.com.ar\/argentina\/wp-json\/wp\/v2\/tags?post=24132"}],"curies":[{"name":"wp","href":"https:\/\/api.w.org\/{rel}","templated":true}]}}