{"id":24138,"date":"2015-02-09T13:30:13","date_gmt":"2015-02-09T16:30:13","guid":{"rendered":"http:\/\/argentinamunicipal.com.ar\/argentina\/?p=24138"},"modified":"2015-02-07T11:08:52","modified_gmt":"2015-02-07T14:08:52","slug":"35-fiesta-nacional-del-salmon-en-camarones-1314-y-15-de-febrero","status":"publish","type":"post","link":"http:\/\/argentinamunicipal.com.ar\/argentina\/35-fiesta-nacional-del-salmon-en-camarones-1314-y-15-de-febrero\/","title":{"rendered":"35\u00b0 Fiesta Nacional del Salm\u00f3n en Camarones 13,14 y 15 de febrero"},"content":{"rendered":"<p><a href=\"http:\/\/argentinamunicipal.com.ar\/argentina\/wp-content\/uploads\/2015\/02\/fiesta-salmon.jpg\"><img loading=\"lazy\" decoding=\"async\" class=\"aligncenter  wp-image-24139\" src=\"http:\/\/argentinamunicipal.com.ar\/argentina\/wp-content\/uploads\/2015\/02\/fiesta-salmon.jpg\" alt=\"fiesta-salmon\" width=\"638\" height=\"425\" srcset=\"http:\/\/argentinamunicipal.com.ar\/argentina\/wp-content\/uploads\/2015\/02\/fiesta-salmon.jpg 900w, http:\/\/argentinamunicipal.com.ar\/argentina\/wp-content\/uploads\/2015\/02\/fiesta-salmon-300x200.jpg 300w\" sizes=\"auto, (max-width: 638px) 100vw, 638px\" \/><\/a><br \/>\nEn el d\u00eda de ayer, en la Sala de Situaci\u00f3n de Casa de Gobierno de Rawson, se realiz\u00f3 la presentaci\u00f3n oficial de la 35\u00ba Fiesta Nacional del Salm\u00f3n que se realizar\u00e1 los d\u00edas 13,14 y 15 de febrero en la ciudad de Camarones.<\/p>\n<p>El acto estuvo encabezado por el secretario de Cultura, Claudio Dalc\u00f3, acompa\u00f1ado por la intendenta de la localidad, Ramona Rosales, la directora de Cultura, Yamila Huenchual, y la Reina Nacional saliente, Camila Riera.<\/p>\n<p>Entre los anuncios, se destac\u00f3 que este a\u00f1o habr\u00e1 55 mil pesos en premios, se realizara el tradicional \u201cChup\u00edn del Pescador\u201d, contar\u00e1 con la elecci\u00f3n de la Reina Nacional del Salm\u00f3n y la elecci\u00f3n de Miss Salmoncito y el cierre musical estar\u00e1 a cargo del cantante de cumbia \u201cEl Original\u201d.<\/p>\n<p><strong>Apoyo de Provincia<\/strong><br \/>\nPor su parte, el secretario de Cultura puso en valor las fiestas populares como \u201cel \u00e1mbito de la organizaci\u00f3n social donde hay muchas comisiones que trabajan para un mismo fin\u201d y agreg\u00f3 que \u201cescuchar a los protagonistas, que son nuestros pescadores en la demanda del cambio de fecha, viene justo para que se intensifique la concurrencia a la Fiesta\u201d, que se desarrollar\u00e1 previo al fin de semana largo por Carnavales.<\/p>\n<p>\u201cVamos a acompa\u00f1arlos desde la log\u00edstica y las inversiones necesarias y agradecemos a la organizaci\u00f3n porque es un trabajo arduo que se planifica durante mucho tiempo\u201d, destac\u00f3 Dalc\u00f3.<\/p>\n<p>Respecto a los n\u00fameros art\u00edsticos, con m\u00fasicos provinciales, el responsable de Cultura agradeci\u00f3 la posibilidad de \u201cvalorizar lo nuestro y Camarones en eso es un ejemplo. En representaci\u00f3n del gobernador Mart\u00edn Buzzi quiero valorizar y apostar a los artistas, artesanos y productores\u201d.<\/p>\n<p>\u201cEl compromiso es seguir acompa\u00f1ando y estar presentes en Camarones e invitar a las provincias hermanas que se acerquen a disfrutar de cada una de las 69 Fiestas Populares que se desarrollar\u00e1n durante este 2015\u201d, remarc\u00f3 Claudio Dalc\u00f3.<\/p>\n<p><strong>Convocatoria Nacional<\/strong><\/p>\n<p>Al respecto, la intendenta Ramona Rosales agradeci\u00f3 el apoyo del Gobierno Provincial a trav\u00e9s de la Secretar\u00eda de Cultura y Loter\u00eda del Chubut, como as\u00ed tambi\u00e9n a los auspiciantes que pretender\u00e1n ver entre \u201c30 o 40 lanchas en el mar\u201d, en busca de la pieza mayor.<\/p>\n<p>\u201cNuestra intenci\u00f3n es convocar no solamente a los habitantes de Chubut sino a provincias vecinas, como Santa Cruz, que el a\u00f1o pasado la pieza mayor fue para Puerto Deseado, tambi\u00e9n vino gente desde Bah\u00eda Blanca, Capital Federal y Santa fe\u201d, se\u00f1al\u00f3 Rosales quien destac\u00f3 que este a\u00f1o adem\u00e1s de la Pesca de Altura \u201ctendremos el adicional de la Pesca de Costa donde concurren muchos participantes\u201d.<\/p>\n<p><strong>Cronograma<\/strong><\/p>\n<p>La intendenta Ramona Rosales inform\u00f3 que la fiesta comenzar\u00e1 el viernes 13 con la presentaci\u00f3n de n\u00fameros art\u00edsticos: \u201ccomo chubutenses convocamos a los valores que tenemos en la provincia. Ese d\u00eda presentaremos a las candidatas a Reina Nacional del Salm\u00f3n y sus princesas\u201d.<\/p>\n<p>\u201cEl s\u00e1bado se har\u00e1 la \u2018Noche Azul\u2019 en homenaje a nuestra gran bah\u00eda cristalina, y se realizar\u00e1 la elecci\u00f3n de la Reina Nacional del Salm\u00f3n y el domingo culminamos al mediod\u00eda con la premiaci\u00f3n de la Pesca de Altura\u201d, manifest\u00f3 la jefa comunal.<\/p>\n<p>Por \u00faltimo, la jefa comunal destac\u00f3 que \u201cser\u00e1 un fin de semana distinto, hemos tratado de cumplir con el pedido de los pescadores que quer\u00edan un premio de 30 mil pesos para la pieza mayor. Adem\u00e1s coincide con el fin de semana largo por carnavales, una buena alternativa para disfrutar de la ciudad y sus atractivos\u201d.<\/p>\n<p><a href=\"http:\/\/argentinamunicipal.com.ar\/argentina\/wp-content\/uploads\/2015\/02\/52d39a60338b9_628_353.jpg\"><img loading=\"lazy\" decoding=\"async\" class=\"aligncenter size-full wp-image-24140\" src=\"http:\/\/argentinamunicipal.com.ar\/argentina\/wp-content\/uploads\/2015\/02\/52d39a60338b9_628_353.jpg\" alt=\"52d39a60338b9_628_353!\" width=\"628\" height=\"353\" srcset=\"http:\/\/argentinamunicipal.com.ar\/argentina\/wp-content\/uploads\/2015\/02\/52d39a60338b9_628_353.jpg 628w, http:\/\/argentinamunicipal.com.ar\/argentina\/wp-content\/uploads\/2015\/02\/52d39a60338b9_628_353-300x169.jpg 300w\" sizes=\"auto, (max-width: 628px) 100vw, 628px\" \/><\/a><\/p>\n<p><strong>Contin\u00faa la inscripci\u00f3n para el reinado<\/strong><\/p>\n<p>Por su parte la directora de Cultura de Camarones, Yamila Huenchual, se refiri\u00f3 a la inscripci\u00f3n para la postulaci\u00f3n a Reina Nacional del Salm\u00f3n y para Miss Salmoncito. \u201cEl reglamento estipula j\u00f3venes de entre 16 y 22 a\u00f1os, hasta el mi\u00e9rcoles 10 de febrero hay tiempo de inscribirse\u201d.<\/p>\n<p>Los requisitos \u201cson lo que la mayor\u00eda de los reinados contempla, ser soltera sin hijos, no haber resultado electa reina los dos \u00faltimos a\u00f1os, pueden ser de cualquier punto de la provincia o del pa\u00eds\u201d, inform\u00f3 Huenchual quien se\u00f1al\u00f3 que hay hasta el momento 10 candidatas. Asimismo, la elecci\u00f3n de \u2018Miss Salmoncito\u2019 se realizar\u00e1 el s\u00e1bado por la tarde con candidatas que van desde los 5 a los 7 a\u00f1os.<\/p>\n<p>La reina saliente, Camila Riera, invit\u00f3 a las j\u00f3venes que se quieran postular para el reinado de esta \u201cfiesta tan maravillosa, donde se puede disfrutar de la pesca, de las actividades y los artistas\u201d.<\/p>\n<h6>Fuente: El Diario de Madryn<\/h6>\n","protected":false},"excerpt":{"rendered":"<p>En el d\u00eda de ayer, en la Sala de Situaci\u00f3n de Casa de Gobierno de Rawson, se realiz\u00f3 la presentaci\u00f3n oficial de la 35\u00ba Fiesta Nacional del Salm\u00f3n que se realizar\u00e1 los d\u00edas 13,14 y 15 de febrero en la ciudad de Camarones. El acto estuvo encabezado por el secretario de Cultura, Claudio Dalc\u00f3, acompa\u00f1ado<\/p>\n","protected":false},"author":2,"featured_media":24141,"comment_status":"closed","ping_status":"closed","sticky":false,"template":"","format":"standard","meta":{"footnotes":""},"categories":[47],"tags":[14],"class_list":["post-24138","post","type-post","status-publish","format-standard","has-post-thumbnail","hentry","category-fiestas","tag-chubut"],"_links":{"self":[{"href":"http:\/\/argentinamunicipal.com.ar\/argentina\/wp-json\/wp\/v2\/posts\/24138","targetHints":{"allow":["GET"]}}],"collection":[{"href":"http:\/\/argentinamunicipal.com.ar\/argentina\/wp-json\/wp\/v2\/posts"}],"about":[{"href":"http:\/\/argentinamunicipal.com.ar\/argentina\/wp-json\/wp\/v2\/types\/post"}],"author":[{"embeddable":true,"href":"http:\/\/argentinamunicipal.com.ar\/argentina\/wp-json\/wp\/v2\/users\/2"}],"replies":[{"embeddable":true,"href":"http:\/\/argentinamunicipal.com.ar\/argentina\/wp-json\/wp\/v2\/comments?post=24138"}],"version-history":[{"count":0,"href":"http:\/\/argentinamunicipal.com.ar\/argentina\/wp-json\/wp\/v2\/posts\/24138\/revisions"}],"wp:featuredmedia":[{"embeddable":true,"href":"http:\/\/argentinamunicipal.com.ar\/argentina\/wp-json\/wp\/v2\/media\/24141"}],"wp:attachment":[{"href":"http:\/\/argentinamunicipal.com.ar\/argentina\/wp-json\/wp\/v2\/media?parent=24138"}],"wp:term":[{"taxonomy":"category","embeddable":true,"href":"http:\/\/argentinamunicipal.com.ar\/argentina\/wp-json\/wp\/v2\/categories?post=24138"},{"taxonomy":"post_tag","embeddable":true,"href":"http:\/\/argentinamunicipal.com.ar\/argentina\/wp-json\/wp\/v2\/tags?post=24138"}],"curies":[{"name":"wp","href":"https:\/\/api.w.org\/{rel}","templated":true}]}}