{"id":24168,"date":"2015-02-07T09:29:19","date_gmt":"2015-02-07T12:29:19","guid":{"rendered":"http:\/\/argentinamunicipal.com.ar\/argentina\/?p=24168"},"modified":"2015-02-07T09:29:19","modified_gmt":"2015-02-07T12:29:19","slug":"se-incorporan-agentes-la-guardia-urbana-de-rafaela","status":"publish","type":"post","link":"http:\/\/argentinamunicipal.com.ar\/argentina\/se-incorporan-agentes-la-guardia-urbana-de-rafaela\/","title":{"rendered":"Se incorporan agentes a la Guardia Urbana de Rafaela"},"content":{"rendered":"<p><a href=\"http:\/\/argentinamunicipal.com.ar\/argentina\/wp-content\/uploads\/2015\/02\/60500_G.jpg\"><img loading=\"lazy\" decoding=\"async\" class=\"alignright  wp-image-24169\" src=\"http:\/\/argentinamunicipal.com.ar\/argentina\/wp-content\/uploads\/2015\/02\/60500_G.jpg\" alt=\"60500_G\" width=\"473\" height=\"322\" srcset=\"http:\/\/argentinamunicipal.com.ar\/argentina\/wp-content\/uploads\/2015\/02\/60500_G.jpg 640w, http:\/\/argentinamunicipal.com.ar\/argentina\/wp-content\/uploads\/2015\/02\/60500_G-300x204.jpg 300w\" sizes=\"auto, (max-width: 473px) 100vw, 473px\" \/><\/a>El intendente Castellano dialog\u00f3 con los postulantes preseleccionados.<\/p>\n<p>En el marco de la \u00faltima etapa de selecci\u00f3n de ocho de los 16 nuevos agentes que se incorporar\u00e1n a la Guardia Urbana de Rafaela (GUR), visitaron esta ma\u00f1ana la sede de la agrupaci\u00f3n de prevenci\u00f3n local, el intendente Luis Castellano y el jefe de Gabinete, Jorge Maina, junto al coordinador de Prevenci\u00f3n en seguridad, Juan Jos\u00e9 Mondino. All\u00ed dialogaron con los postulantes preseleccionados acerca de sus inquietudes ante la posibilidad de sumarse a la fuerza, como as\u00ed tambi\u00e9n las responsabilidades ciudadanas que vienen aparejadas al integrarse a un grupo humano que tiene un v\u00ednculo tan estrecho con los vecinos.<\/p>\n<p>Al culminar el encuentro, el Intendente expres\u00f3: \u00abNosotros, como municipio, tenemos responsabilidades preventivas: ni la Polic\u00eda, ni la Brigada de Drogas, ni la Justicia dependen de nosotros. Lo que nos corresponde hacer para la seguridad de nuestros ciudadanos es prevenci\u00f3n, que llevamos adelante en varios aspectos: la iluminaci\u00f3n de los barrios, toda la inversi\u00f3n que realizamos en el desarrollo urbano y la pavimentaci\u00f3n de calles, y fundamentalmente en un equipo que trabaja muy fuerte en el tema social, en un esquema centrado en el acompa\u00f1amiento y la promoci\u00f3n de la persona. Pero, despu\u00e9s, en la prevenci\u00f3n de los hechos delictivos y de una enorme cantidad de necesidades que tiene la gente, est\u00e1 el equipo de la Guardia Urbana y el Centro de Monitoreo\u00bb.<\/p>\n<p>\u00abEn ese sentido nos comprometimos el a\u00f1o pasado -y hoy lo estamos concretando- a reforzar el esquema de patrullaje de la GUR, que se ha convertido en el v\u00ednculo m\u00e1s cercano o m\u00e1s directo con la ciudadan\u00eda, en torno a una enorme cantidad de situaciones: cuestiones de prevenci\u00f3n del delito pero tambi\u00e9n de convivencia ciudadana, de vecindad, de necesidades diarias\u00bb,agreg\u00f3 el primer mandatario.<\/p>\n<p>\u00abEl 105 suena permanentemente y nosotros seguimos jerarquizando esa atenci\u00f3n que la ciudadan\u00eda merece: que la GUR siga patrullando, que seamos los primeros en llegar y en derivar al resto de las fuerzas de seguridad, como as\u00ed la complementaci\u00f3n con nuestro Centro de Monitoreo Urbano\u00bb, prosigui\u00f3.<\/p>\n<p>Como bien detall\u00f3 Mondino, la inscripci\u00f3n para sumarse al cuerpo de agentes de la Guardia Urbana fue muy alta.<\/p>\n<p>\u00abSe hicieron todos los procesos de selecci\u00f3n reglamentarios y el que precede a este, que es el examen psicol\u00f3gico, termin\u00f3 de darnos el orden de m\u00e9rito que, oportunamente, hemos publicado. Nos permiti\u00f3 convocar a los cinco primeros varones y las tres primeras, en el orden de las mujeres, m\u00e1s una incorporaci\u00f3n femenina de una selecci\u00f3n previa para ocupar un puesto en la sala de monitoreo\u00bb. Lo que sigue, explic\u00f3 el funcionario, es el proceso preocupacional, \u00abetapa que, una vez superada, derivar\u00e1 en el ingreso de los ocho agentes, lo que para nosotros es muy satisfactorio. Inmediatamente comenzar\u00e1 el curso de capacitaci\u00f3n, con acompa\u00f1amiento de tutores, y luego los cursos de inducci\u00f3n al trabajo. Esto demuestra claramente las intenciones del Intendente de reforzar este espacio, y la verdad es que nosotros estamos muy conformes\u00bb.<\/p>\n<p>Asimismo, el Intendente afirm\u00f3: \u00abEstamos muy felices de poder lograr este refuerzo y de seguir haciendo lo que podemos hacer como municipio: prevenci\u00f3n. Es una contribuci\u00f3n a la que yo considero la principal preocupaci\u00f3n que tienen los rafaelinos. Seguir fortaleciendo a la GUR es seguir fortaleciendo el acompa\u00f1amiento que mi gesti\u00f3n tiene para cada uno de los rafaelinos\u00bb.<\/p>\n<p><strong>20 NUEVAS CAMARAS<\/strong><\/p>\n<p>Castellano destac\u00f3 tambi\u00e9n que en este proceso de refuerzo y complementaci\u00f3n de la GUR y el Centro de Monitoreo, se llev\u00f3 a cabo la colocaci\u00f3n de 20 nuevas c\u00e1maras domo, equipos que realizan tomas de 360 grados.<\/p>\n<p>\u00abActualmente estamos realizando el proceso licitatorio para garantizar la conectividad de las mismas, a fin de que puedan empezar a funcionar cuanto antes\u00bb, manifest\u00f3 el mandatario.<\/p>\n<h6>Fuente: La Opini\u00f3n Line<\/h6>\n","protected":false},"excerpt":{"rendered":"<p>El intendente Castellano dialog\u00f3 con los postulantes preseleccionados. En el marco de la \u00faltima etapa de selecci\u00f3n de ocho de los 16 nuevos agentes que se incorporar\u00e1n a la Guardia Urbana de Rafaela (GUR), visitaron esta ma\u00f1ana la sede de la agrupaci\u00f3n de prevenci\u00f3n local, el intendente Luis Castellano y el jefe de Gabinete, Jorge<\/p>\n","protected":false},"author":2,"featured_media":24169,"comment_status":"closed","ping_status":"closed","sticky":false,"template":"","format":"standard","meta":{"footnotes":""},"categories":[49],"tags":[10],"class_list":["post-24168","post","type-post","status-publish","format-standard","has-post-thumbnail","hentry","category-seguridad","tag-santa-fe"],"_links":{"self":[{"href":"http:\/\/argentinamunicipal.com.ar\/argentina\/wp-json\/wp\/v2\/posts\/24168","targetHints":{"allow":["GET"]}}],"collection":[{"href":"http:\/\/argentinamunicipal.com.ar\/argentina\/wp-json\/wp\/v2\/posts"}],"about":[{"href":"http:\/\/argentinamunicipal.com.ar\/argentina\/wp-json\/wp\/v2\/types\/post"}],"author":[{"embeddable":true,"href":"http:\/\/argentinamunicipal.com.ar\/argentina\/wp-json\/wp\/v2\/users\/2"}],"replies":[{"embeddable":true,"href":"http:\/\/argentinamunicipal.com.ar\/argentina\/wp-json\/wp\/v2\/comments?post=24168"}],"version-history":[{"count":0,"href":"http:\/\/argentinamunicipal.com.ar\/argentina\/wp-json\/wp\/v2\/posts\/24168\/revisions"}],"wp:featuredmedia":[{"embeddable":true,"href":"http:\/\/argentinamunicipal.com.ar\/argentina\/wp-json\/wp\/v2\/media\/24169"}],"wp:attachment":[{"href":"http:\/\/argentinamunicipal.com.ar\/argentina\/wp-json\/wp\/v2\/media?parent=24168"}],"wp:term":[{"taxonomy":"category","embeddable":true,"href":"http:\/\/argentinamunicipal.com.ar\/argentina\/wp-json\/wp\/v2\/categories?post=24168"},{"taxonomy":"post_tag","embeddable":true,"href":"http:\/\/argentinamunicipal.com.ar\/argentina\/wp-json\/wp\/v2\/tags?post=24168"}],"curies":[{"name":"wp","href":"https:\/\/api.w.org\/{rel}","templated":true}]}}