{"id":24171,"date":"2015-02-07T09:33:21","date_gmt":"2015-02-07T12:33:21","guid":{"rendered":"http:\/\/argentinamunicipal.com.ar\/argentina\/?p=24171"},"modified":"2015-02-07T09:33:21","modified_gmt":"2015-02-07T12:33:21","slug":"lanzan-la-construccion-de-un-nuevo-hospital-de-alta-complejidad-en-rafaela","status":"publish","type":"post","link":"http:\/\/argentinamunicipal.com.ar\/argentina\/lanzan-la-construccion-de-un-nuevo-hospital-de-alta-complejidad-en-rafaela\/","title":{"rendered":"Lanzan la construcci\u00f3n de un nuevo hospital de alta complejidad en Rafaela"},"content":{"rendered":"<div id=\"attachment_24172\" style=\"width: 675px\" class=\"wp-caption aligncenter\"><a href=\"http:\/\/argentinamunicipal.com.ar\/argentina\/wp-content\/uploads\/2015\/02\/110916.jpg\"><img loading=\"lazy\" decoding=\"async\" aria-describedby=\"caption-attachment-24172\" class=\" wp-image-24172\" src=\"http:\/\/argentinamunicipal.com.ar\/argentina\/wp-content\/uploads\/2015\/02\/110916.jpg\" alt=\"A futuro. La maqueta de lo que ser\u00e1 el nuevo centro asistencial, con un radio de cobertura que abarca a m\u00e1s de 300 mil ciudadanos de la regi\u00f3n.\" width=\"665\" height=\"374\" srcset=\"http:\/\/argentinamunicipal.com.ar\/argentina\/wp-content\/uploads\/2015\/02\/110916.jpg 800w, http:\/\/argentinamunicipal.com.ar\/argentina\/wp-content\/uploads\/2015\/02\/110916-300x169.jpg 300w\" sizes=\"auto, (max-width: 665px) 100vw, 665px\" \/><\/a><p id=\"caption-attachment-24172\" class=\"wp-caption-text\">A futuro. La maqueta de lo que ser\u00e1 el nuevo centro asistencial, con un radio de cobertura que abarca a m\u00e1s de 300 mil ciudadanos de la regi\u00f3n.<\/p><\/div>\n<p>El acto de apertura se llevar\u00e1 a cabo el pr\u00f3ximo martes 24 de febrero, a las 10, en el Centro C\u00edvico de la Regi\u00f3n 2, bulevar Santa Fe 2771, de la ciudad de la Perla del Oeste.<\/p>\n<p>Con un presupuesto oficial de 98.165.441,39 pesos, el gobierno provincial licitar\u00e1 la primera etapa del Hospital Nodal de Rafaela, que corresponde a la estructura de hormig\u00f3n armado del nuevo efector de alta complejidad que se construir\u00e1 en la ciudad. El acto de apertura se llevar\u00e1 a cabo el pr\u00f3ximo martes 24 de febrero, a las 10, en el Centro C\u00edvico de la Regi\u00f3n 2 (bulevar Santa Fe 2771, de la ciudad de Rafaela..<\/p>\n<p>El edificio se enmarca dentro del plan de nuevos hospitales de alta complejidad que se construyen en las cinco regiones de la provincia. El proyecto del edificio sigue los mismos lineamientos arquitect\u00f3nicos y m\u00e9dicos utilizados en los nuevos hospitales regionales de Reconquista, Santa Fe, Rosario y Venado Tuerto.<\/p>\n<p>\u201cTal como anunciamos hacia fin de a\u00f1o, despu\u00e9s de cerrar la compra de terrenos y acordar el proyecto arquitect\u00f3nico, ponemos en marcha la primera etapa del nuevo hospital de alta complejidad de Rafaela. Es una gran satisfacci\u00f3n porque estamos cumpliendo con el Plan Estrat\u00e9gico Provincial, donde planificamos un hospital de alta complejidad que sea una referencia en cada una de las regiones y se atiendan las necesidades de todo territorio\u201d, se\u00f1al\u00f3 el gobernador Antonio Bonfatti.<\/p>\n<p>El mandatario explic\u00f3 que la construcci\u00f3n de los nuevos hospitales \u201ccomprende cuatro etapas: hormig\u00f3n, cobertura y cerramientos, urbanizaci\u00f3n exterior, y obras de arquitectura e instalaciones para la finalizaci\u00f3n del edificio. As\u00ed como iniciamos el proyecto en Rafaela, en Venado Tuerto est\u00e1 en marcha la cuarta etapa, mientras que los hospitales de Reconquista, Santa Fe y Rosario avanzan en las etapas intermedias\u201d, detall\u00f3.<\/p>\n<p>En esta primera parte de trabajos en Rafaela se contemplan las tareas de preparaci\u00f3n del terreno, y a las estructuras de hormig\u00f3n armado, que incluyen fundaciones mediante pilotes, columnas, tabiques, losas, vigas, escaleras y tanques de agua. La ejecuci\u00f3n de estos trabajos cuenta con un plazo de obra de 540 d\u00edas desde la firma del contrato.<\/p>\n<p>El nuevo hospital. El proyecto, elaborado por la Unidad de Proyectos Especiales del ministerio de Obras P\u00fablicas, plantea \u201cun edificio de desarrollo horizontal, con planta baja, entrepiso t\u00e9cnico y dos pisos superiores, divididos en cuatro bloques\u201d, explicaron las autoridades. El edificio contar\u00e1 con un doble ingreso: p\u00fablico (ambulatorio y emergencias-guardia) y doble circulaci\u00f3n (p\u00fablica y restringida).<\/p>\n<p>Para favorecer la iluminaci\u00f3n natural y ventilaci\u00f3n de todo el edificio, se plantean patios entre medio de los distintos bloques. En tanto que en el subsuelo se ubicar\u00e1 la sala de m\u00e1quinas.<\/p>\n<p>En cuanto a la distribuci\u00f3n, el nuevo nosocomio contar\u00e1 en la planta baja con un hall central, \u00e1rea de admisiones, bloque de guardia; bloque de diagn\u00f3stico por im\u00e1genes, rehabilitaci\u00f3n y laboratorio, consulta externa con 14 consultorios; \u00e1rea de servicios t\u00e9cnicos y farmacia. En un primer piso se ubicar\u00e1n los bloques de internaci\u00f3n de mediana y baja complejidad, internaci\u00f3n de aislados; internaci\u00f3n de maternidad y pedi\u00e1trica; \u00e1rea de personal; aulas, auditorio y biblioteca, administraci\u00f3n y direcci\u00f3n. Mientras que en el segundo piso estar\u00e1 el bloque quir\u00fargico (con tres quir\u00f3fanos); internaci\u00f3n de alta complejidad; bloque de neonatolog\u00eda y bloque de obstetricia.<\/p>\n<h6>Fuente: La Capital, Rosario<\/h6>\n","protected":false},"excerpt":{"rendered":"<p>El acto de apertura se llevar\u00e1 a cabo el pr\u00f3ximo martes 24 de febrero, a las 10, en el Centro C\u00edvico de la Regi\u00f3n 2, bulevar Santa Fe 2771, de la ciudad de la Perla del Oeste. Con un presupuesto oficial de 98.165.441,39 pesos, el gobierno provincial licitar\u00e1 la primera etapa del Hospital Nodal de<\/p>\n","protected":false},"author":2,"featured_media":24172,"comment_status":"closed","ping_status":"closed","sticky":false,"template":"","format":"standard","meta":{"footnotes":""},"categories":[2],"tags":[10],"class_list":["post-24171","post","type-post","status-publish","format-standard","has-post-thumbnail","hentry","category-informe-municipal","tag-santa-fe"],"_links":{"self":[{"href":"http:\/\/argentinamunicipal.com.ar\/argentina\/wp-json\/wp\/v2\/posts\/24171","targetHints":{"allow":["GET"]}}],"collection":[{"href":"http:\/\/argentinamunicipal.com.ar\/argentina\/wp-json\/wp\/v2\/posts"}],"about":[{"href":"http:\/\/argentinamunicipal.com.ar\/argentina\/wp-json\/wp\/v2\/types\/post"}],"author":[{"embeddable":true,"href":"http:\/\/argentinamunicipal.com.ar\/argentina\/wp-json\/wp\/v2\/users\/2"}],"replies":[{"embeddable":true,"href":"http:\/\/argentinamunicipal.com.ar\/argentina\/wp-json\/wp\/v2\/comments?post=24171"}],"version-history":[{"count":0,"href":"http:\/\/argentinamunicipal.com.ar\/argentina\/wp-json\/wp\/v2\/posts\/24171\/revisions"}],"wp:featuredmedia":[{"embeddable":true,"href":"http:\/\/argentinamunicipal.com.ar\/argentina\/wp-json\/wp\/v2\/media\/24172"}],"wp:attachment":[{"href":"http:\/\/argentinamunicipal.com.ar\/argentina\/wp-json\/wp\/v2\/media?parent=24171"}],"wp:term":[{"taxonomy":"category","embeddable":true,"href":"http:\/\/argentinamunicipal.com.ar\/argentina\/wp-json\/wp\/v2\/categories?post=24171"},{"taxonomy":"post_tag","embeddable":true,"href":"http:\/\/argentinamunicipal.com.ar\/argentina\/wp-json\/wp\/v2\/tags?post=24171"}],"curies":[{"name":"wp","href":"https:\/\/api.w.org\/{rel}","templated":true}]}}