{"id":24181,"date":"2015-02-07T09:43:15","date_gmt":"2015-02-07T12:43:15","guid":{"rendered":"http:\/\/argentinamunicipal.com.ar\/argentina\/?p=24181"},"modified":"2015-02-07T09:43:15","modified_gmt":"2015-02-07T12:43:15","slug":"el-municipio-de-trelew-entrego-materiales-para-reparar-viviendas-58-familias","status":"publish","type":"post","link":"http:\/\/argentinamunicipal.com.ar\/argentina\/el-municipio-de-trelew-entrego-materiales-para-reparar-viviendas-58-familias\/","title":{"rendered":"El Municipio de Trelew entreg\u00f3 materiales para reparar viviendas a 58 familias"},"content":{"rendered":"<p><a href=\"http:\/\/argentinamunicipal.com.ar\/argentina\/wp-content\/uploads\/2015\/02\/69.jpg\"><img loading=\"lazy\" decoding=\"async\" class=\"alignleft size-full wp-image-24182\" src=\"http:\/\/argentinamunicipal.com.ar\/argentina\/wp-content\/uploads\/2015\/02\/69.jpg\" alt=\"69\" width=\"400\" height=\"225\" srcset=\"http:\/\/argentinamunicipal.com.ar\/argentina\/wp-content\/uploads\/2015\/02\/69.jpg 400w, http:\/\/argentinamunicipal.com.ar\/argentina\/wp-content\/uploads\/2015\/02\/69-300x169.jpg 300w\" sizes=\"auto, (max-width: 400px) 100vw, 400px\" \/><\/a>Un total de 58 familias de distintos barrios de Trelew recibieron el viernes en un acto encabezado por el intendente M\u00e1ximo P\u00e9rez Cat\u00e1n las constancias con el listado de materiales con el que resultaron beneficiadas para realizar la reparaci\u00f3n de sus viviendas totalizando una inversi\u00f3n de 1 mill\u00f3n de pesos. Los fondos corresponden a la segunda etapa de aportes de un total de 3 millones que el Gobierno de la Provincia se comprometi\u00f3 a realizar a la ciudad en el marco de un convenio firmado entre la Municipalidad y el Instituto Provincial de la Vivienda.<\/p>\n<p>Mediante ese acuerdo el municipio a trav\u00e9s de la Coordinaci\u00f3n de Vivienda realiz\u00f3 un relevamiento de campo para constatar las condiciones habitacionales de estas familias de escasos recursos que sufrieron da\u00f1os en sus casas en distintos temporales.<\/p>\n<p>Por eso es que recibieron esas ayudas 58 familias que habitan en los barrios 1\u00ba Junta, Abel Amaya, Menfa, Moreira, Norte, Progreso, Malvinas Argentinas, Sur, Planta de Gas, Inta, Moreira II, III y IV, adem\u00e1s de Vepan, Santa Catalina, Don Bosco, 8 de Diciembre y Tiro Federal. \u201cCon este acto se le est\u00e1 dando cumplimiento a los convenios hechos\u201d dijo el intendente P\u00e9rez Cat\u00e1n al presidir el acto realizado en el Centro Cultural municipal donde estuvo acompa\u00f1ado por el gerente general del IPV, Nelson Turrillo; los secretarios de Desarrollo Humano y Familia municipal, Jorge Etchepareborda y de Producci\u00f3n y Turismo, Julio Tartaglione, entre otros.<\/p>\n<p>En ese marco P\u00e9rez Cat\u00e1n resalt\u00f3 que \u201clos aportes son entregados para la reparaci\u00f3n de viviendas que se da\u00f1aron en los distintos temporales que hemos tenido fundamentalmente el a\u00f1o pasado\u201d y se enmarcan \u201cen el programa Chubut Hace\u201d.<\/p>\n<p>En tal sentido inform\u00f3 que \u201centre aportes municipales y los aportes provinciales los vecinos, con asistencia t\u00e9cnica de la municipalidad y con el seguimiento del tipo de obra que hay que hacer, van solucionando sus problemas\u201d.<\/p>\n<h3>Respaldo econ\u00f3mico<\/h3>\n<p>Se\u00f1al\u00f3 que \u201clo hicimos en un acto para que todos puedan ser testigos que esta es la segunda etapa de un mill\u00f3n de pesos de un plan de un total de 3 millones y del compromiso cumplido por parte de la municipalidad de que los vecinos recibieron los materiales que ser\u00e1n llevados el lunes por el municipio a cada vivienda\u201d, remarc\u00e1ndole a los beneficiarios que \u201ca partir de este certificado tienen el derecho de recibir los materiales con los cuales, ustedes mismos con el asesoramiento y el apoyo t\u00e9cnico de la Municipalidad van a ir resolviendo aquellos problemas m\u00e1s urgentes que ten\u00edan en la vivienda y que dieron lugar a este respaldo econ\u00f3mico\u201d.<br \/>\nAl concluir les transmiti\u00f3 a los vecinos \u201cque espero que con dedicaci\u00f3n y esfuerzo r\u00e1pidamente lo podamos tener en ejecuci\u00f3n\u201d.<\/p>\n<h3>Transparencia<\/h3>\n<p>El secretario de Desarrollo Humano y Familia, Jorge Etchepareborda, destac\u00f3 \u201cla transparencia\u201d en la ejecuci\u00f3n de este plan ya que las familias reciben una constancia que los acredita como beneficiarios de los materiales de construcci\u00f3n que cada uno necesita para su caso. \u201cLuego estimamos que entre 20 a 25 d\u00edas vamos a estar distribuyendo estos materiales\u201d indic\u00f3.<\/p>\n<p>Las 58 familias beneficiadas realizar\u00e1n con mano de obra propia los trabajos de refacci\u00f3n previstos en cada proyecto, bajo la supervisi\u00f3n y direcci\u00f3n t\u00e9cnica de los profesionales de la Municipalidad de Trelew, a modo de un sistema de autoconstrucci\u00f3n. \u201cSe hace un acompa\u00f1amiento a la familia con los t\u00e9cnicos para que se cumpla con lo que se present\u00f3 al IPV\u201d, explic\u00f3.<\/p>\n<h6>Fuente: El Diario de Madryn<\/h6>\n","protected":false},"excerpt":{"rendered":"<p>Un total de 58 familias de distintos barrios de Trelew recibieron el viernes en un acto encabezado por el intendente M\u00e1ximo P\u00e9rez Cat\u00e1n las constancias con el listado de materiales con el que resultaron beneficiadas para realizar la reparaci\u00f3n de sus viviendas totalizando una inversi\u00f3n de 1 mill\u00f3n de pesos. Los fondos corresponden a la<\/p>\n","protected":false},"author":2,"featured_media":24182,"comment_status":"closed","ping_status":"closed","sticky":false,"template":"","format":"standard","meta":{"footnotes":""},"categories":[2],"tags":[14],"class_list":["post-24181","post","type-post","status-publish","format-standard","has-post-thumbnail","hentry","category-informe-municipal","tag-chubut"],"_links":{"self":[{"href":"http:\/\/argentinamunicipal.com.ar\/argentina\/wp-json\/wp\/v2\/posts\/24181","targetHints":{"allow":["GET"]}}],"collection":[{"href":"http:\/\/argentinamunicipal.com.ar\/argentina\/wp-json\/wp\/v2\/posts"}],"about":[{"href":"http:\/\/argentinamunicipal.com.ar\/argentina\/wp-json\/wp\/v2\/types\/post"}],"author":[{"embeddable":true,"href":"http:\/\/argentinamunicipal.com.ar\/argentina\/wp-json\/wp\/v2\/users\/2"}],"replies":[{"embeddable":true,"href":"http:\/\/argentinamunicipal.com.ar\/argentina\/wp-json\/wp\/v2\/comments?post=24181"}],"version-history":[{"count":0,"href":"http:\/\/argentinamunicipal.com.ar\/argentina\/wp-json\/wp\/v2\/posts\/24181\/revisions"}],"wp:featuredmedia":[{"embeddable":true,"href":"http:\/\/argentinamunicipal.com.ar\/argentina\/wp-json\/wp\/v2\/media\/24182"}],"wp:attachment":[{"href":"http:\/\/argentinamunicipal.com.ar\/argentina\/wp-json\/wp\/v2\/media?parent=24181"}],"wp:term":[{"taxonomy":"category","embeddable":true,"href":"http:\/\/argentinamunicipal.com.ar\/argentina\/wp-json\/wp\/v2\/categories?post=24181"},{"taxonomy":"post_tag","embeddable":true,"href":"http:\/\/argentinamunicipal.com.ar\/argentina\/wp-json\/wp\/v2\/tags?post=24181"}],"curies":[{"name":"wp","href":"https:\/\/api.w.org\/{rel}","templated":true}]}}