{"id":242,"date":"2014-01-14T18:29:01","date_gmt":"2014-01-14T21:29:01","guid":{"rendered":"http:\/\/municipales.org.ar\/argentina\/?p=242"},"modified":"2014-02-08T19:06:52","modified_gmt":"2014-02-08T22:06:52","slug":"en-cordoba-los-servicios-en-2013-funcionaron-a-pleno-solo-2-de-cada-10-dias","status":"publish","type":"post","link":"http:\/\/argentinamunicipal.com.ar\/argentina\/en-cordoba-los-servicios-en-2013-funcionaron-a-pleno-solo-2-de-cada-10-dias\/","title":{"rendered":"En C\u00f3rdoba, los servicios en 2013, funcionaron a pleno s\u00f3lo 2 de cada 10 d\u00edas"},"content":{"rendered":"<div id=\"attachment_243\" style=\"width: 652px\" class=\"wp-caption aligncenter\"><a href=\"http:\/\/argentinamunicipal.com.ar\/argentina\/wp-content\/uploads\/2014\/02\/100_10.jpg\"><img loading=\"lazy\" decoding=\"async\" aria-describedby=\"caption-attachment-243\" class=\"size-full wp-image-243\" alt=\"Vac\u00edos. Los CPC estuvieron muchas horas de marzo pasado con poca o nula actividad por paros y asambleas realizados por empleados de las distintas reparticiones (La Voz\/Archivo).\" src=\"http:\/\/argentinamunicipal.com.ar\/argentina\/wp-content\/uploads\/2014\/02\/100_10.jpg\" width=\"642\" height=\"366\" srcset=\"http:\/\/argentinamunicipal.com.ar\/argentina\/wp-content\/uploads\/2014\/02\/100_10.jpg 642w, http:\/\/argentinamunicipal.com.ar\/argentina\/wp-content\/uploads\/2014\/02\/100_10-300x171.jpg 300w\" sizes=\"auto, (max-width: 642px) 100vw, 642px\" \/><\/a><p id=\"caption-attachment-243\" class=\"wp-caption-text\">Vac\u00edos. Los CPC estuvieron muchas horas de marzo pasado con poca o nula actividad por paros y asambleas realizados por empleados de las distintas reparticiones (La Voz\/Archivo).<\/p><\/div>\n<p>Las \u00e1reas de salud fueron las m\u00e1s afectadas en 2013. Aseguran que los problemas no fueron tan generalizados como en otros a\u00f1os.<\/p>\n<p>En 2013, los ciudadanos de C\u00f3rdoba no contaron con alg\u00fan servicio municipal en ocho de cada 10 d\u00edas laborables, seg\u00fan la recopilaci\u00f3n realizada con datos del propio gremio. En total, s\u00f3lo en 50 d\u00edas de 242 laborables (no se cuentan los fines de semana, asuetos y feriados) ninguna repartici\u00f3n realiz\u00f3 asambleas.<\/p>\n<p>La informaci\u00f3n proviene del Sindicato Uni\u00f3n Obreros y Empleados Municipales (Suoem), que comunica todos los d\u00edas en su cuenta de Twitter (@suoemcordoba) las reparticiones que toman alguna medida de fuerza para reclamar por salarios adeudados, falta de insumos o problemas de infraestructura. En los 192 d\u00edas en que el municipio no funcion\u00f3 con normalidad, el grado de conflicto fue heterog\u00e9neo: desde una sola repartici\u00f3n con asambleas de dos horas hasta d\u00edas con asambleas generales.<\/p>\n<p>En general, los primeros meses de 2013 no fueron tan conflictivos como los \u00faltimos, tanto en d\u00edas de atenci\u00f3n resentida como en cantidad de reparticiones afectadas. Hubo cinco meses sin un solo d\u00eda de atenci\u00f3n normal (mayo, junio, octubre, noviembre y diciembre) y en abril funcionaron todos los servicios s\u00f3lo un d\u00eda. Los meses menos conflictivos fueron enero, con 17 d\u00edas normales de 21 laborables, y marzo (14 de 19). Luego, febrero (10 de 18), agosto (nueve de 22), julio (cinco de 22) y septiembre (cuatro de 20).<\/p>\n<p><strong>Enero.<\/strong> En los cuatro d\u00edas con conflicto, el problema se centr\u00f3 s\u00f3lo en asambleas y no entrega de turnos en el Hospital de Urgencias.<\/p>\n<p>Febrero. Las asambleas se dieron principalmente en el Hospital Pr\u00edncipe de Asturias, situaci\u00f3n que luego se repiti\u00f3 durante el resto del a\u00f1o.<\/p>\n<p><strong>Marzo.<\/strong> Hubo asambleas de entre dos y cuatro horas en todos los CPC durante cuatro d\u00edas.<\/p>\n<p><strong>Abril.<\/strong> En casi todos los d\u00edas hubo al menos seis reparticiones con asambleas. Las m\u00e1s afectadas: Polic\u00eda de Transito (inspectores), Defensa Civil, Log\u00edstica y los hospitales Infantil y Pr\u00edncipe de Asturias.<\/p>\n<p><strong>Mayo.<\/strong> La Polic\u00eda de Tr\u00e1nsito continu\u00f3 con asambleas, as\u00ed como el Hospital Infantil y el Pr\u00edncipe de Asturias. Otras reparticiones afectadas varios d\u00edas fueron Emergencias M\u00e9dicas (o 107), Log\u00edstica y \u00e1reas operativas. Comunicaciones tuvo asambleas 18 d\u00edas.<\/p>\n<p><strong>Junio.<\/strong> El servicio de salud se vio fuertemente afectado: en los 19 d\u00edas laborables de junio hubo asambleas en todos los centros de salud municipales.<\/p>\n<p><strong>Julio.<\/strong> Las \u00e1reas m\u00e1s conflictivas fueron las educativas, con asambleas en todas las escuelas y jardines maternales municipales. El \u00e1rea de Control en la V\u00eda P\u00fablica resinti\u00f3 el servicio durante cinco d\u00edas seguidos.<\/p>\n<p><strong>Agosto.<\/strong> Prensa y Difusi\u00f3n fue la m\u00e1s conflictiva, con siete d\u00edas de asambleas.<\/p>\n<p><strong>Septiembre.<\/strong> El 4 de septiembre se dio la primera asamblea general del a\u00f1o, por lo que no hubo atenci\u00f3n al p\u00fablico en ninguna repartici\u00f3n. El Hospital Pr\u00edncipe de Asturias y el Hogar de Ancianos Padre Lam\u00f3naca sumaron varios d\u00edas.<\/p>\n<p><strong>Octubre.<\/strong> Fue un mes complicado: durante 11 d\u00edas los inspectores de la v\u00eda p\u00fablica no trabajaron con normalidad mientras que los dispensarios tuvieron asambleas de al menos dos horas por d\u00eda durante casi todo el mes.<\/p>\n<p><strong>Noviembre.<\/strong> La salud, la m\u00e1s afectada con asambleas en todos los dispensarios durante todo el mes. Prensa y Difusi\u00f3n realiz\u00f3 asambleas 16 d\u00edas.<\/p>\n<p><strong>Diciembre.<\/strong> Prensa y Difusi\u00f3n volvi\u00f3 a ser la m\u00e1s conflictiva.<\/p>\n<p><strong>Enero, 2014.<\/strong> Comenz\u00f3 con luchas gremiales.<\/p>\n<pre>Fuente: La Voz<\/pre>\n","protected":false},"excerpt":{"rendered":"<p>Las \u00e1reas de salud fueron las m\u00e1s afectadas en 2013. Aseguran que los problemas no fueron tan generalizados como en otros a\u00f1os. En 2013, los ciudadanos de C\u00f3rdoba no contaron con alg\u00fan servicio municipal en ocho de cada 10 d\u00edas laborables, seg\u00fan la recopilaci\u00f3n realizada con datos del propio gremio. En total, s\u00f3lo en 50<\/p>\n","protected":false},"author":1,"featured_media":243,"comment_status":"closed","ping_status":"closed","sticky":false,"template":"","format":"standard","meta":{"footnotes":""},"categories":[7],"tags":[3],"class_list":["post-242","post","type-post","status-publish","format-standard","has-post-thumbnail","hentry","category-informe-sindical","tag-cordoba"],"_links":{"self":[{"href":"http:\/\/argentinamunicipal.com.ar\/argentina\/wp-json\/wp\/v2\/posts\/242","targetHints":{"allow":["GET"]}}],"collection":[{"href":"http:\/\/argentinamunicipal.com.ar\/argentina\/wp-json\/wp\/v2\/posts"}],"about":[{"href":"http:\/\/argentinamunicipal.com.ar\/argentina\/wp-json\/wp\/v2\/types\/post"}],"author":[{"embeddable":true,"href":"http:\/\/argentinamunicipal.com.ar\/argentina\/wp-json\/wp\/v2\/users\/1"}],"replies":[{"embeddable":true,"href":"http:\/\/argentinamunicipal.com.ar\/argentina\/wp-json\/wp\/v2\/comments?post=242"}],"version-history":[{"count":0,"href":"http:\/\/argentinamunicipal.com.ar\/argentina\/wp-json\/wp\/v2\/posts\/242\/revisions"}],"wp:featuredmedia":[{"embeddable":true,"href":"http:\/\/argentinamunicipal.com.ar\/argentina\/wp-json\/wp\/v2\/media\/243"}],"wp:attachment":[{"href":"http:\/\/argentinamunicipal.com.ar\/argentina\/wp-json\/wp\/v2\/media?parent=242"}],"wp:term":[{"taxonomy":"category","embeddable":true,"href":"http:\/\/argentinamunicipal.com.ar\/argentina\/wp-json\/wp\/v2\/categories?post=242"},{"taxonomy":"post_tag","embeddable":true,"href":"http:\/\/argentinamunicipal.com.ar\/argentina\/wp-json\/wp\/v2\/tags?post=242"}],"curies":[{"name":"wp","href":"https:\/\/api.w.org\/{rel}","templated":true}]}}