{"id":24222,"date":"2015-02-07T10:48:34","date_gmt":"2015-02-07T13:48:34","guid":{"rendered":"http:\/\/argentinamunicipal.com.ar\/argentina\/?p=24222"},"modified":"2015-02-07T10:48:34","modified_gmt":"2015-02-07T13:48:34","slug":"paseos-en-tren-organizados-por-la-municipalidad-de-general-pico","status":"publish","type":"post","link":"http:\/\/argentinamunicipal.com.ar\/argentina\/paseos-en-tren-organizados-por-la-municipalidad-de-general-pico\/","title":{"rendered":"Paseos en tren organizados por la Municipalidad de\u00a0General Pico"},"content":{"rendered":"<p><a href=\"http:\/\/argentinamunicipal.com.ar\/argentina\/wp-content\/uploads\/2015\/02\/03-31.jpg\"><img loading=\"lazy\" decoding=\"async\" class=\"aligncenter size-full wp-image-24223\" src=\"http:\/\/argentinamunicipal.com.ar\/argentina\/wp-content\/uploads\/2015\/02\/03-31.jpg\" alt=\"03-31\" width=\"567\" height=\"433\" srcset=\"http:\/\/argentinamunicipal.com.ar\/argentina\/wp-content\/uploads\/2015\/02\/03-31.jpg 567w, http:\/\/argentinamunicipal.com.ar\/argentina\/wp-content\/uploads\/2015\/02\/03-31-300x229.jpg 300w\" sizes=\"auto, (max-width: 567px) 100vw, 567px\" \/><\/a><br \/>\nLa Municipalidad de General Pico contin\u00faa implementando a\u00a0 trav\u00e9s de la Coordinaci\u00f3n de Turismo dependiente de la Secretaria de Desarrollo Urbano,\u00a0el programa denominado \u201cRa\u00edces Ferroviarias\u201d que tiene como objetivo mostrar a los turistas y p\u00fablico en general el pasado y presente del ferrocarril en la ciudad.<\/p>\n<p>Para cumplir con dicho objetivo se ha organizado una serie de actividades que se repetir\u00e1n los segundos domingos de cada mes durante todo el a\u00f1o. Este domingo 8 de febrero,\u00a0los vecinos de la ciudad tendr\u00e1n la posibilidad de realizar el\u00a0viaje\u00a0en\u00a0tren, hasta la localidad de Quem\u00fa-Quem\u00fa. Dicho paseo consiste en salir desde la estaci\u00f3n de General Pico 15.20 hs y 16:30 hs volver en colectivo, en un servicio contratado por el municipio que es gratuito.<\/p>\n<p>Durante el verano, por las altas temperaturas, solo se realizar\u00e1 el viaje,\u00a0 incorpor\u00e1ndose a partir de abril, actividades complementarias.<\/p>\n<p>Cabe destacar que\u00a0el cupo para el mes de febrero se encuentra completo, aunque los interesados pueden reservar sus lugares para los meses siguientes en la Oficina de Turismo ubicada en el local 7, en la\u00a0terminal de \u00f3mnibus\u00a0 \u00f3\u00a0 al tel\u00e9fono 02302- 430076 ya que el\u00a0cupo es limitado.<\/p>\n<h6>Fuente: La Reforma<\/h6>\n","protected":false},"excerpt":{"rendered":"<p>La Municipalidad de General Pico contin\u00faa implementando a\u00a0 trav\u00e9s de la Coordinaci\u00f3n de Turismo dependiente de la Secretaria de Desarrollo Urbano,\u00a0el programa denominado \u201cRa\u00edces Ferroviarias\u201d que tiene como objetivo mostrar a los turistas y p\u00fablico en general el pasado y presente del ferrocarril en la ciudad. Para cumplir con dicho objetivo se ha organizado una<\/p>\n","protected":false},"author":2,"featured_media":24223,"comment_status":"closed","ping_status":"closed","sticky":false,"template":"","format":"standard","meta":{"footnotes":""},"categories":[2],"tags":[42],"class_list":["post-24222","post","type-post","status-publish","format-standard","has-post-thumbnail","hentry","category-informe-municipal","tag-la-pampa"],"_links":{"self":[{"href":"http:\/\/argentinamunicipal.com.ar\/argentina\/wp-json\/wp\/v2\/posts\/24222","targetHints":{"allow":["GET"]}}],"collection":[{"href":"http:\/\/argentinamunicipal.com.ar\/argentina\/wp-json\/wp\/v2\/posts"}],"about":[{"href":"http:\/\/argentinamunicipal.com.ar\/argentina\/wp-json\/wp\/v2\/types\/post"}],"author":[{"embeddable":true,"href":"http:\/\/argentinamunicipal.com.ar\/argentina\/wp-json\/wp\/v2\/users\/2"}],"replies":[{"embeddable":true,"href":"http:\/\/argentinamunicipal.com.ar\/argentina\/wp-json\/wp\/v2\/comments?post=24222"}],"version-history":[{"count":0,"href":"http:\/\/argentinamunicipal.com.ar\/argentina\/wp-json\/wp\/v2\/posts\/24222\/revisions"}],"wp:featuredmedia":[{"embeddable":true,"href":"http:\/\/argentinamunicipal.com.ar\/argentina\/wp-json\/wp\/v2\/media\/24223"}],"wp:attachment":[{"href":"http:\/\/argentinamunicipal.com.ar\/argentina\/wp-json\/wp\/v2\/media?parent=24222"}],"wp:term":[{"taxonomy":"category","embeddable":true,"href":"http:\/\/argentinamunicipal.com.ar\/argentina\/wp-json\/wp\/v2\/categories?post=24222"},{"taxonomy":"post_tag","embeddable":true,"href":"http:\/\/argentinamunicipal.com.ar\/argentina\/wp-json\/wp\/v2\/tags?post=24222"}],"curies":[{"name":"wp","href":"https:\/\/api.w.org\/{rel}","templated":true}]}}