{"id":24228,"date":"2015-02-07T18:54:01","date_gmt":"2015-02-07T21:54:01","guid":{"rendered":"http:\/\/argentinamunicipal.com.ar\/argentina\/?p=24228"},"modified":"2015-02-09T08:50:27","modified_gmt":"2015-02-09T11:50:27","slug":"fiesta-nacional-de-la-artesania-en-colon-del-7-al-16-de-febrero","status":"publish","type":"post","link":"http:\/\/argentinamunicipal.com.ar\/argentina\/fiesta-nacional-de-la-artesania-en-colon-del-7-al-16-de-febrero\/","title":{"rendered":"Fiesta Nacional de la Artesan\u00eda en Col\u00f3n del 7 al 16 de febrero"},"content":{"rendered":"<p><a href=\"http:\/\/argentinamunicipal.com.ar\/argentina\/wp-content\/uploads\/2015\/02\/artesania-2015.jpg\"><img loading=\"lazy\" decoding=\"async\" class=\"alignleft size-full wp-image-24229\" src=\"http:\/\/argentinamunicipal.com.ar\/argentina\/wp-content\/uploads\/2015\/02\/artesania-2015.jpg\" alt=\"artesania-2015\" width=\"421\" height=\"632\" srcset=\"http:\/\/argentinamunicipal.com.ar\/argentina\/wp-content\/uploads\/2015\/02\/artesania-2015.jpg 421w, http:\/\/argentinamunicipal.com.ar\/argentina\/wp-content\/uploads\/2015\/02\/artesania-2015-200x300.jpg 200w\" sizes=\"auto, (max-width: 421px) 100vw, 421px\" \/><\/a>Hasta el 16 de febrero, la ciudad protagonizar\u00e1 una de las muestras m\u00e1s importantes en su tipo del pa\u00eds. Participan m\u00e1s de 400 artesanos rigurosamente seleccionados.<\/p>\n<p>M\u00e1s de 400 artesanos de todo el pa\u00eds se dar\u00e1n cita hoy y hasta el 16 de febrero en la edici\u00f3n n\u00famero 30 de la Fiesta Nacional de la Artesan\u00eda que se realiza en Col\u00f3n.<\/p>\n<p>Adem\u00e1s de la feria en la que se muestran los mejores trabajos en madera, fibra vegetal, vidrio, piedra, instrumentos musicales, plata, lana y otros materiales se ofrece una variada cartelera de espect\u00e1culos con primeras figuras nacionales que cierran cada una de las noches como Jorge Rojas, La Oreja de Van Gogh, Abel Pintos, Gustavo Cordera o Los Aut\u00e9nticos Decadentes, entre otros.<\/p>\n<p>Es \u00e9sta una de las principales fiestas populares de la provincia, por su historia y por la convocatoria de p\u00fablico, adem\u00e1s de ostentar los primeros lugares en el pa\u00eds en lo que a muestras artesanales se refiere.<\/p>\n<p><strong>Feria<\/strong>. \u201cEstar\u00e1n presentes m\u00e1s de 400 artesanos de todo el pa\u00eds y participar\u00e1n de la feria que se puede visitar todos los d\u00edas de 19 a la medianoche\u201d, explic\u00f3 a EL DIARIO el coordinador t\u00e9cnico de la fiesta, Hugo Da Silva. Este responsable explic\u00f3 que una comisi\u00f3n de especialistas es la que recorre el pa\u00eds durante el a\u00f1o para seleccionar a quienes ofrecer\u00e1n sus trabajos al p\u00fablico de Col\u00f3n.<\/p>\n<p>Adem\u00e1s, se otorgar\u00e1 la Rueca de Plata, premio mayor que se distribuye entre las categor\u00edas Maestro Artesano, Artesano Art\u00edfice y Producci\u00f3n Artesanal y que habilita para participar de la Rueca de Oro que se entrega cada 3 a\u00f1os.<\/p>\n<p>\u201cHay un cuerpo t\u00e9cnico que trabaja durante todo el a\u00f1o, no solamente para hacer la selecci\u00f3n de artesanos sino que tambi\u00e9n otorga el premio. Al artesano se le exige calidad en dise\u00f1o, en materia prima. Que sea lana de oveja si as\u00ed lo dice, o plata. Porque en algunos casos por problemas econ\u00f3micos se usan materiales que no son aut\u00e9nticos. Estamos exigiendo que la materia prima sea original. Hay un jurado de \u00e9tica que est\u00e1 viendo estas cosas. Tampoco permitimos que se utilicen cueros de materiales en peligro de extinci\u00f3n\u201d, continu\u00f3 uno de los encargados de la organizaci\u00f3n.<\/p>\n<p>De mi\u00e9rcoles a domingo, la muestra tambi\u00e9n se puede visitar de d\u00eda, de 9 a 13. Un promedio de 15.000 personas por d\u00eda recorre la muestra artesanal, una de las m\u00e1s importantes del pa\u00eds.<\/p>\n<p>La expo fiesta se realiza en el predio del Parque Dr. Herminio J. Quir\u00f3s, un mirador hacia el r\u00edo Uruguay con una frondosa vegetaci\u00f3n<\/p>\n<p><a href=\"http:\/\/argentinamunicipal.com.ar\/argentina\/wp-content\/uploads\/2015\/02\/maxresdefault.jpg\"><img loading=\"lazy\" decoding=\"async\" class=\"aligncenter  wp-image-24230\" src=\"http:\/\/argentinamunicipal.com.ar\/argentina\/wp-content\/uploads\/2015\/02\/maxresdefault.jpg\" alt=\"maxresdefault\" width=\"626\" height=\"352\" srcset=\"http:\/\/argentinamunicipal.com.ar\/argentina\/wp-content\/uploads\/2015\/02\/maxresdefault.jpg 1920w, http:\/\/argentinamunicipal.com.ar\/argentina\/wp-content\/uploads\/2015\/02\/maxresdefault-300x169.jpg 300w, http:\/\/argentinamunicipal.com.ar\/argentina\/wp-content\/uploads\/2015\/02\/maxresdefault-1024x576.jpg 1024w\" sizes=\"auto, (max-width: 626px) 100vw, 626px\" \/><\/a><\/p>\n<p><strong>Espect\u00e1culos<\/strong>. Adem\u00e1s de la exposici\u00f3n y venta de artesan\u00edas, la fiesta ofrece cada noche espect\u00e1culos musicales en su escenario Ram\u00f3n Cabrera. Los mismos comienzan aproximadamente a las 22 con grupos soporte de la regi\u00f3n y el cierre con grandes m\u00fasicos nacionales de diferentes g\u00e9neros. Con la misma entrada se puede acceder al predio ferial para apreciar las artesan\u00edas y para disfrutar de los espect\u00e1culos musicales. Como opci\u00f3n tambi\u00e9n se pueden adquirir plateas y apreciar los espect\u00e1culos con mayor comodidad.<\/p>\n<p>Es la temporada tur\u00edstica m\u00e1s alta para Col\u00f3n ya que pr\u00e1cticamente triplica su poblaci\u00f3n con el n\u00famero de visitantes. Su capacidad hotelera y gastron\u00f3mica se ve desbordada y muchos turistas deben alojarse en ciudades aleda\u00f1as.<\/p>\n<p>\u201cEl tiempo est\u00e1 acompa\u00f1ando muy bien y el r\u00edo est\u00e1 en un buen nivel\u201d, asegur\u00f3 Da Silva.<\/p>\n<p><strong>Cartelera<\/strong><\/p>\n<p>El calendario de actividades para la fiesta es el siguiente:<\/p>\n<p><strong>S\u00e1bado 7<\/strong>, entrada $100, con el cierre a cargo de Jorge Rojas.<\/p>\n<p><strong>Domingo 8<\/strong>, entrada $50, cierre con el grupo Ambos.<\/p>\n<p><strong>Lunes 9<\/strong>, entrada $150, cierre con La Oreja de Van Gogh.<\/p>\n<p><strong>Martes 10,<\/strong> entrada: $40. Elecci\u00f3n de la Reina y cierre con Los Majestuosos del Chamam\u00e9.<\/p>\n<p><strong>Mi\u00e9rcoles 11<\/strong>, entrada $120, cierre a cargo de Abel Pintos.<\/p>\n<p><strong>Jueves 12<\/strong>, entrada $70, cierre a cargo de Facundo Toro.<\/p>\n<p><strong>Viernes 13<\/strong>, entrada $100, cierre a cargo de Gustavo Cordera.<\/p>\n<p><strong>S\u00e1bado 14<\/strong>, entrada $120, cierre a cargo de Axel.<\/p>\n<p><strong>Domingo 15<\/strong>, entrada $100, cierre a cargo de Karina La Princesita.<\/p>\n<p><strong>Lunes 16<\/strong>, entrada $100, con el sorteo del auto 0 Km y el cierre de Los Aut\u00e9nticos Decadentes.<\/p>\n<p>Todas las noches de la fiesta, los menores de 3 a 12 a\u00f1os abonan una entrada diferenciada de $30, mientras que los menores de 3 a\u00f1os ingresan gratis. Las entradas se pueden adquirir utilizando el sistema de compra on line www.1000tickets.com.ar.<\/p>\n<p>Tambi\u00e9n hay puntos de venta en la Municipalidad de Col\u00f3n, en Rosario (Presidente Roca 475), Concepci\u00f3n del Uruguay (9 de Julio 1257) o Santa Fe (Rivadavia 3080). Consultas telef\u00f3nicas al 0810-777-8484.<\/p>\n<h6>Fuente: El Diario, Entre R\u00edos<\/h6>\n","protected":false},"excerpt":{"rendered":"<p>Hasta el 16 de febrero, la ciudad protagonizar\u00e1 una de las muestras m\u00e1s importantes en su tipo del pa\u00eds. Participan m\u00e1s de 400 artesanos rigurosamente seleccionados. M\u00e1s de 400 artesanos de todo el pa\u00eds se dar\u00e1n cita hoy y hasta el 16 de febrero en la edici\u00f3n n\u00famero 30 de la Fiesta Nacional de la<\/p>\n","protected":false},"author":2,"featured_media":24253,"comment_status":"closed","ping_status":"closed","sticky":false,"template":"","format":"standard","meta":{"footnotes":""},"categories":[47],"tags":[17],"class_list":["post-24228","post","type-post","status-publish","format-standard","has-post-thumbnail","hentry","category-fiestas","tag-entre-rios"],"_links":{"self":[{"href":"http:\/\/argentinamunicipal.com.ar\/argentina\/wp-json\/wp\/v2\/posts\/24228","targetHints":{"allow":["GET"]}}],"collection":[{"href":"http:\/\/argentinamunicipal.com.ar\/argentina\/wp-json\/wp\/v2\/posts"}],"about":[{"href":"http:\/\/argentinamunicipal.com.ar\/argentina\/wp-json\/wp\/v2\/types\/post"}],"author":[{"embeddable":true,"href":"http:\/\/argentinamunicipal.com.ar\/argentina\/wp-json\/wp\/v2\/users\/2"}],"replies":[{"embeddable":true,"href":"http:\/\/argentinamunicipal.com.ar\/argentina\/wp-json\/wp\/v2\/comments?post=24228"}],"version-history":[{"count":0,"href":"http:\/\/argentinamunicipal.com.ar\/argentina\/wp-json\/wp\/v2\/posts\/24228\/revisions"}],"wp:featuredmedia":[{"embeddable":true,"href":"http:\/\/argentinamunicipal.com.ar\/argentina\/wp-json\/wp\/v2\/media\/24253"}],"wp:attachment":[{"href":"http:\/\/argentinamunicipal.com.ar\/argentina\/wp-json\/wp\/v2\/media?parent=24228"}],"wp:term":[{"taxonomy":"category","embeddable":true,"href":"http:\/\/argentinamunicipal.com.ar\/argentina\/wp-json\/wp\/v2\/categories?post=24228"},{"taxonomy":"post_tag","embeddable":true,"href":"http:\/\/argentinamunicipal.com.ar\/argentina\/wp-json\/wp\/v2\/tags?post=24228"}],"curies":[{"name":"wp","href":"https:\/\/api.w.org\/{rel}","templated":true}]}}