{"id":24287,"date":"2015-02-09T10:05:46","date_gmt":"2015-02-09T13:05:46","guid":{"rendered":"http:\/\/argentinamunicipal.com.ar\/argentina\/?p=24287"},"modified":"2015-02-09T13:20:13","modified_gmt":"2015-02-09T16:20:13","slug":"comienza-la-remodelacion-peatonal-sur-en-santa-fe","status":"publish","type":"post","link":"http:\/\/argentinamunicipal.com.ar\/argentina\/comienza-la-remodelacion-peatonal-sur-en-santa-fe\/","title":{"rendered":"Comienza la remodelaci\u00f3n de la peatonal Sur en Santa Fe"},"content":{"rendered":"<p><a href=\"http:\/\/argentinamunicipal.com.ar\/argentina\/wp-content\/uploads\/2015\/02\/110231_santa-fe.jpg\"><img loading=\"lazy\" decoding=\"async\" class=\"alignleft size-full wp-image-24288\" src=\"http:\/\/argentinamunicipal.com.ar\/argentina\/wp-content\/uploads\/2015\/02\/110231_santa-fe.jpg\" alt=\"110231_santa-fe\" width=\"544\" height=\"293\" srcset=\"http:\/\/argentinamunicipal.com.ar\/argentina\/wp-content\/uploads\/2015\/02\/110231_santa-fe.jpg 544w, http:\/\/argentinamunicipal.com.ar\/argentina\/wp-content\/uploads\/2015\/02\/110231_santa-fe-300x162.jpg 300w\" sizes=\"auto, (max-width: 544px) 100vw, 544px\" \/><\/a>Se intervendr\u00e1 una cuadra testigo, la que est\u00e1 entre Lisandro de la Torre y Juan de Garay, incluyendo la plazoleta. El proyecto reproduce las caracter\u00edsticas de San Mart\u00edn Norte.<\/p>\n<p>La puesta en valor de una cuadra de la peatonal San Mart\u00edn y la plazoleta Fragata Sarmiento comenzar\u00e1 la semana pr\u00f3xima. Si bien cuando desde la Secretar\u00eda de Planeamiento Municipal anunciaron la intervenci\u00f3n en el sector comprendido entre Lisandro de la Torre y Juan de Garay indicaron que los trabajos se ejecutar\u00edan en enero, finalmente se iniciar\u00e1n entre el martes y mi\u00e9rcoles pr\u00f3ximos. As\u00ed lo confirmaron a El Litoral desde Mundo Construcciones, la empresa que gan\u00f3 la licitaci\u00f3n de la obra.<\/p>\n<p>Actualmente la plazoleta Fragata Sarmiento ya se encuentra vallada en todo su per\u00edmetro y en el interior est\u00e1 montado el obrador de la constructora. Y est\u00e1 vedado el paso a los peatones.<\/p>\n<p>Los trabajos tendr\u00e1n dos frentes: por un lado, la plaza en la que se comenzar\u00e1n a demoler pisos y canteros; y por el otro, la cuadra propiamente dicha. El plazo para la ejecuci\u00f3n es de 120 d\u00edas corridos y el monto del contrato asciende a los $ 4.355.050, mientras que el presupuesto oficial de la obra fue estimado en $ 3.199.238.<\/p>\n<p>La puesta en valor de la denominada \u201ccuadra testigo\u201d del tradicional paseo comercial ser\u00e1 afrontada por el municipio aunque, en caso de concretarse la remodelaci\u00f3n de las seis cuadras, dicho gasto ser\u00e1 incluido en el presupuesto global y financiado por los frentistas mediante la modalidad \u201ccontribuci\u00f3n de mejoras\u201d.<\/p>\n<h3>La intervenci\u00f3n<\/h3>\n<p>Los lineamientos del proyecto replican las caracter\u00edsticas materiales y espaciales del Paseo San Mart\u00edn Norte: se destacan la unificaci\u00f3n de solados, el despeje y continuidad espacial y la incorporaci\u00f3n de mobiliario urbano contempor\u00e1neo.<\/p>\n<p>El nuevo piso ser\u00e1 de losetas gran\u00edticas antideslizantes de gran resistencia color gris claro en toda la superficie, a excepci\u00f3n de las bocacalles, donde se utilizar\u00e1 pavimento articulado de adoquines de hormig\u00f3n rectangulares.<\/p>\n<p>Tambi\u00e9n se realizar\u00e1n tareas de adecuaci\u00f3n y mantenimiento de desag\u00fces pluviales y las instalaciones el\u00e9ctricas. El proyecto contempla el reemplazo de los artefactos y las columnas de iluminaci\u00f3n existentes y la puesta en valor de algunas de las actuales.<\/p>\n<p>En el tramo se colocar\u00e1n bancos de madera y acero galvanizado, cestos y bolardos semiesf\u00e9ricos para delimitaci\u00f3n de los espacios.<\/p>\n<p>En el sector de la plazoleta se remodelar\u00e1n los canteros, el espacio verde y el espejo de agua existente. Mientras que se mantendr\u00e1 el sector de juegos infantiles.<\/p>\n<p><strong>El dato<\/strong><\/p>\n<p><strong>Restauraci\u00f3n<\/strong><\/p>\n<p>Las siete obras escult\u00f3ricas de la plaza ser\u00e1n restauradas por especialistas y, seg\u00fan el caso, reinstaladas en el espacio verde o devueltas a su posici\u00f3n original sobre la explanada del Teatro Municipal.<\/p>\n<h6>Fuente: Sin Mordaza<\/h6>\n","protected":false},"excerpt":{"rendered":"<p>Se intervendr\u00e1 una cuadra testigo, la que est\u00e1 entre Lisandro de la Torre y Juan de Garay, incluyendo la plazoleta. El proyecto reproduce las caracter\u00edsticas de San Mart\u00edn Norte. La puesta en valor de una cuadra de la peatonal San Mart\u00edn y la plazoleta Fragata Sarmiento comenzar\u00e1 la semana pr\u00f3xima. Si bien cuando desde la<\/p>\n","protected":false},"author":2,"featured_media":24288,"comment_status":"closed","ping_status":"closed","sticky":false,"template":"","format":"standard","meta":{"footnotes":""},"categories":[2],"tags":[10],"class_list":["post-24287","post","type-post","status-publish","format-standard","has-post-thumbnail","hentry","category-informe-municipal","tag-santa-fe"],"_links":{"self":[{"href":"http:\/\/argentinamunicipal.com.ar\/argentina\/wp-json\/wp\/v2\/posts\/24287","targetHints":{"allow":["GET"]}}],"collection":[{"href":"http:\/\/argentinamunicipal.com.ar\/argentina\/wp-json\/wp\/v2\/posts"}],"about":[{"href":"http:\/\/argentinamunicipal.com.ar\/argentina\/wp-json\/wp\/v2\/types\/post"}],"author":[{"embeddable":true,"href":"http:\/\/argentinamunicipal.com.ar\/argentina\/wp-json\/wp\/v2\/users\/2"}],"replies":[{"embeddable":true,"href":"http:\/\/argentinamunicipal.com.ar\/argentina\/wp-json\/wp\/v2\/comments?post=24287"}],"version-history":[{"count":0,"href":"http:\/\/argentinamunicipal.com.ar\/argentina\/wp-json\/wp\/v2\/posts\/24287\/revisions"}],"wp:featuredmedia":[{"embeddable":true,"href":"http:\/\/argentinamunicipal.com.ar\/argentina\/wp-json\/wp\/v2\/media\/24288"}],"wp:attachment":[{"href":"http:\/\/argentinamunicipal.com.ar\/argentina\/wp-json\/wp\/v2\/media?parent=24287"}],"wp:term":[{"taxonomy":"category","embeddable":true,"href":"http:\/\/argentinamunicipal.com.ar\/argentina\/wp-json\/wp\/v2\/categories?post=24287"},{"taxonomy":"post_tag","embeddable":true,"href":"http:\/\/argentinamunicipal.com.ar\/argentina\/wp-json\/wp\/v2\/tags?post=24287"}],"curies":[{"name":"wp","href":"https:\/\/api.w.org\/{rel}","templated":true}]}}