{"id":24303,"date":"2015-02-09T10:47:56","date_gmt":"2015-02-09T13:47:56","guid":{"rendered":"http:\/\/argentinamunicipal.com.ar\/argentina\/?p=24303"},"modified":"2015-04-24T10:34:11","modified_gmt":"2015-04-24T13:34:11","slug":"ratifican-rosario-como-miembro-de-la-red-alcaldes-por-la-paz","status":"publish","type":"post","link":"http:\/\/argentinamunicipal.com.ar\/argentina\/ratifican-rosario-como-miembro-de-la-red-alcaldes-por-la-paz\/","title":{"rendered":"Ratifican a Rosario como miembro de la red Alcaldes por la Paz"},"content":{"rendered":"<div id=\"attachment_24304\" style=\"width: 631px\" class=\"wp-caption aligncenter\"><a href=\"http:\/\/argentinamunicipal.com.ar\/argentina\/wp-content\/uploads\/2015\/02\/02-09-C901.jpg_88717827-1.jpg\"><img loading=\"lazy\" decoding=\"async\" aria-describedby=\"caption-attachment-24304\" class=\"size-full wp-image-24304\" src=\"http:\/\/argentinamunicipal.com.ar\/argentina\/wp-content\/uploads\/2015\/02\/02-09-C901.jpg_88717827-1.jpg\" alt=\"Yasuyoshi Komizo, presidente del Centro Cultural por la Paz de Hiroshima, junto a la intendenta M\u00f3nica Fein.\" width=\"621\" height=\"465\" srcset=\"http:\/\/argentinamunicipal.com.ar\/argentina\/wp-content\/uploads\/2015\/02\/02-09-C901.jpg_88717827-1.jpg 621w, http:\/\/argentinamunicipal.com.ar\/argentina\/wp-content\/uploads\/2015\/02\/02-09-C901.jpg_88717827-1-300x225.jpg 300w\" sizes=\"auto, (max-width: 621px) 100vw, 621px\" \/><\/a><p id=\"caption-attachment-24304\" class=\"wp-caption-text\">Yasuyoshi Komizo, presidente del Centro Cultural por la Paz de Hiroshima, junto a la intendenta M\u00f3nica Fein.<\/p><\/div>\n<p>El Centro Cultural por la Paz de Hiroshima se trata de una organizaci\u00f3n que tiene como objetivo crear conciencia sobre la necesidad de abolir el uso de armas nucleares.<\/p>\n<p>La intendenta M\u00f3nica Fein recibi\u00f3, junto al director general de Relaciones Internacionales municipal, Sergio Barrios, al presidente del Centro Cultural por la Paz de Hiroshima y secretario general de la red Alcaldes por la Paz, Yasuyoshi Komizo. En ese marco, la ciudad fue certificada como integrante de la organizaci\u00f3n.<\/p>\n<p>El encuentro se realiz\u00f3 el viernes pasado en el despacho de la intendenta y participaron, adem\u00e1s, el secretario del presidente del Centro Cultural por la Paz de Hiroshima, Nosaka Masatoshi, y la presidenta de la Fundaci\u00f3n Sadako y Embajadora de Paz de Hiroshima, Tomoko Aikawa.<\/p>\n<p>Durante el encuentro, Fein recibi\u00f3 un documento que certifica el reconocimiento de Rosario como miembro de la red Alcaldes por la Paz.<\/p>\n<p>\u201cEs un honor para Rosario pertenecer a esta organizaci\u00f3n internacional, que se suma a las otras redes a las que pertenecemos como mercociudades y Ciudades Educadoras, entre otras. Es una deuda pendiente que ten\u00edamos, porque coincidimos plenamente y adherimos por convicci\u00f3n a la necesidad de eliminar las armas nucleares y al profundo conocimiento de que la humanidad debe resolver sus conflictos a trav\u00e9s de la diplomacia, el di\u00e1logo y la paz\u201d, dijo Fein.<\/p>\n<p>Por su parte, Komizo hizo hincapi\u00e9: \u201cEn la actualidad hay 16.300 armas nucleares en el mundo y tenemos los objetivos de eliminarlas lo m\u00e1s pronto posible, porque todas las personas en el mundo tienen derecho a vivir en paz, y de generar conciencia de que todos pertenecemos a la familia humana y debemos solucionar nuestras diferencias en forma pac\u00edfica. Ese es el mensaje de Hiroshima que queremos difundir en todo el mundo\u201d.<\/p>\n<p>Rosario forma parte de la Conferencia de Alcaldes por la Paz (Mayors por Peace), una red internacional con representaci\u00f3n en los cinco continentes y reconocida por las Naciones Unidas, impulsada por las ciudades de Hiroshima y Nagasaki (Jap\u00f3n) con el objetivo de crear conciencia sobre la necesidad de abolir el uso de armas nucleares en todo el mundo.<\/p>\n<p><strong>Ingreso<\/strong>. El 1\u00ba de enero de 2015, Rosario fue formalmente anunciada como nueva integrante de la n\u00f3mina de ciudades alrededor del mundo que suscriben a esta importante red que persigue la meta de lograr la paz definitiva y trabaja para acabar con el hambre y la pobreza, garantizando los derechos humanos, asistiendo a los refugiados de pa\u00edses de conflicto y cuidando el medio ambiente.<\/p>\n<p>Actualmente, son m\u00e1s de 6.490 las ciudades miembros de la red, representando a los cinco continentes.<\/p>\n<p>Entre ellas figuran una innumerable cantidad de capitales y la mitad de las cien ciudades m\u00e1s pobladas del mundo.<\/p>\n<p>Alcaldes por la Paz (Mayors for Peace) Naci\u00f3 en 1982 en la sede de la Naciones Unidas en Nueva York (Estados Unidos), por iniciativa del alcalde de Hiroshima, Takeshi Araki.<\/p>\n<p>En ese marco, propuso un programa para promover la solidaridad entre ciudades para la abolici\u00f3n total de las armas nucleares.<\/p>\n<p>Desde entonces, los alcaldes de Hiroshima y Nagasaki han pedido a sus pares de todo el mundo que se unan a ellos, naciendo, de ese modo, la red Alcaldes por la Paz.<\/p>\n<p>En conjunto, han desarrollado la campa\u00f1a Visi\u00f3n 2020, que pide la abolici\u00f3n total de las armas nucleares para cuando se cumplan 75 a\u00f1os del bombardeo a las ciudades japonesas.<\/p>\n<p>Se dijo que nada volver\u00eda a crecer durante ese lapso, ni \u00e1rboles ni plantas, debido al impacto de las bombas at\u00f3micas. Y es por ese motivo que se estableci\u00f3 2020 como fecha l\u00edmite.<\/p>\n<p>Asimismo, el Centro Cultural por la Paz de Hiroshima tiene como prop\u00f3sito la defensa de un mundo sin armas nucleares, con la convicci\u00f3n de que la tragedias provocadas por las bombas at\u00f3micas lanzadas sobre esa ciudad y Nagasaki no tienen que repetirse.<\/p>\n<p>Por medio de una estrecha relaci\u00f3n de solidaridad entre las ciudades, el centro viene realizando\u00a0 un llamamiento a la conciencia de los habitantes a escala internacional para la extinci\u00f3n total de las armas nucleares.<\/p>\n<p>Asimismo, en 1991 fue oficialmente registrado en el Consejo Econ\u00f3mico y Social de Naciones Unidas como una organizaci\u00f3n no gubernamental dependiente de esa entidad.<\/p>\n<h6>Fuente: La Capital, Rosario<\/h6>\n","protected":false},"excerpt":{"rendered":"<p>El Centro Cultural por la Paz de Hiroshima se trata de una organizaci\u00f3n que tiene como objetivo crear conciencia sobre la necesidad de abolir el uso de armas nucleares. La intendenta M\u00f3nica Fein recibi\u00f3, junto al director general de Relaciones Internacionales municipal, Sergio Barrios, al presidente del Centro Cultural por la Paz de Hiroshima y<\/p>\n","protected":false},"author":2,"featured_media":24304,"comment_status":"closed","ping_status":"closed","sticky":false,"template":"","format":"standard","meta":{"footnotes":""},"categories":[2],"tags":[10],"class_list":["post-24303","post","type-post","status-publish","format-standard","has-post-thumbnail","hentry","category-informe-municipal","tag-santa-fe"],"_links":{"self":[{"href":"http:\/\/argentinamunicipal.com.ar\/argentina\/wp-json\/wp\/v2\/posts\/24303","targetHints":{"allow":["GET"]}}],"collection":[{"href":"http:\/\/argentinamunicipal.com.ar\/argentina\/wp-json\/wp\/v2\/posts"}],"about":[{"href":"http:\/\/argentinamunicipal.com.ar\/argentina\/wp-json\/wp\/v2\/types\/post"}],"author":[{"embeddable":true,"href":"http:\/\/argentinamunicipal.com.ar\/argentina\/wp-json\/wp\/v2\/users\/2"}],"replies":[{"embeddable":true,"href":"http:\/\/argentinamunicipal.com.ar\/argentina\/wp-json\/wp\/v2\/comments?post=24303"}],"version-history":[{"count":0,"href":"http:\/\/argentinamunicipal.com.ar\/argentina\/wp-json\/wp\/v2\/posts\/24303\/revisions"}],"wp:featuredmedia":[{"embeddable":true,"href":"http:\/\/argentinamunicipal.com.ar\/argentina\/wp-json\/wp\/v2\/media\/24304"}],"wp:attachment":[{"href":"http:\/\/argentinamunicipal.com.ar\/argentina\/wp-json\/wp\/v2\/media?parent=24303"}],"wp:term":[{"taxonomy":"category","embeddable":true,"href":"http:\/\/argentinamunicipal.com.ar\/argentina\/wp-json\/wp\/v2\/categories?post=24303"},{"taxonomy":"post_tag","embeddable":true,"href":"http:\/\/argentinamunicipal.com.ar\/argentina\/wp-json\/wp\/v2\/tags?post=24303"}],"curies":[{"name":"wp","href":"https:\/\/api.w.org\/{rel}","templated":true}]}}