{"id":24375,"date":"2015-02-10T09:25:13","date_gmt":"2015-02-10T12:25:13","guid":{"rendered":"http:\/\/argentinamunicipal.com.ar\/argentina\/?p=24375"},"modified":"2015-02-10T09:25:13","modified_gmt":"2015-02-10T12:25:13","slug":"paso-para-erradicar-el-basural-mas-grande-de-la-provincia-de-santa-fe","status":"publish","type":"post","link":"http:\/\/argentinamunicipal.com.ar\/argentina\/paso-para-erradicar-el-basural-mas-grande-de-la-provincia-de-santa-fe\/","title":{"rendered":"Paso para erradicar el basural m\u00e1s grande de la provincia de Santa Fe"},"content":{"rendered":"<div id=\"attachment_24376\" style=\"width: 631px\" class=\"wp-caption aligncenter\"><a href=\"http:\/\/argentinamunicipal.com.ar\/argentina\/wp-content\/uploads\/2015\/02\/02-10-lr1701-.jpg_88717827.jpg\"><img loading=\"lazy\" decoding=\"async\" aria-describedby=\"caption-attachment-24376\" class=\"size-full wp-image-24376\" src=\"http:\/\/argentinamunicipal.com.ar\/argentina\/wp-content\/uploads\/2015\/02\/02-10-lr1701-.jpg_88717827.jpg\" alt=\"En la ceremonia realizada ayer se conocieron las ofertas.\" width=\"621\" height=\"465\" srcset=\"http:\/\/argentinamunicipal.com.ar\/argentina\/wp-content\/uploads\/2015\/02\/02-10-lr1701-.jpg_88717827.jpg 621w, http:\/\/argentinamunicipal.com.ar\/argentina\/wp-content\/uploads\/2015\/02\/02-10-lr1701-.jpg_88717827-300x225.jpg 300w\" sizes=\"auto, (max-width: 621px) 100vw, 621px\" \/><\/a><p id=\"caption-attachment-24376\" class=\"wp-caption-text\">En la ceremonia realizada ayer se conocieron las ofertas.<\/p><\/div>\n<p>Saneamiento ambiental. La obra se divide en dos etapas. La primera consiste en el cierre y limpieza del vertedero ubicado en la autopista y el arroyo Saladillo.<\/p>\n<p>Con la presencia del ministro de Aguas Servicios P\u00fablicos y Medio Ambiente, Antonio Ciancio y del intendente interino, Diego Garavano, se concret\u00f3 ayer en Villa Gobernador G\u00e1lvez el acto de apertura de sobres de ofertas para licitar la primera etapa del Centro Ambiental.<\/p>\n<p>La obra cuenta con un presupuesto oficial de 11 millones de pesos, e integra el plan Abre que el gobierno provincial lleva a cabo en la ciudad y a la convocatoria se presentaron tres oferentes: Edeca, cuya propuesta asciende a 14.502.080 pesos; Milicic, que ofert\u00f3 13.489.446 pesos, y Resicom Ingenier\u00eda Ambiental, que cotiz\u00f3 los trabajos en 13.750.001 pesos.<\/p>\n<p>Al respecto, Ciancio expres\u00f3 su satisfacci\u00f3n \u00abporque se realizaron enormes esfuerzos para la concreci\u00f3n de este Centro Ambiental, que llevar\u00e1 una soluci\u00f3n a un problema de vital urgencia como son los basurales a cielo abierto\u00bb. Sostuvo, adem\u00e1s, que \u00abse trata de una obra que beneficiar\u00e1 a m\u00e1s de 150 mil habitantes de la ciudad y su zona\u00bb.<\/p>\n<p>Agreg\u00f3 que \u00abdebemos agradecer al actual senador provincial, Miguel Lifschitz, su gesti\u00f3n en lo que respecta a la ampliaci\u00f3n del Ente de Coordinaci\u00f3n Metropolitana para la vinculaci\u00f3n f\u00edsica, econ\u00f3mica, social y cultural de las ciudades que componen el organismo, como lo es Villa Gobernador G\u00e1lvez\u00bb.<\/p>\n<p>Adem\u00e1s del intendente villagalvense, Ciancio estuvo acompa\u00f1ado por la diputada provincial Olga Coteluzzi; el secretario de Medio Ambiente provincial, C\u00e9sar Mackler; el subsecretario de Gesti\u00f3n Ambiental, Edgardo Seguro; el subsecretario de Gobierno provincial, Esteban Lenci; el secretario de Salud y Ambiente de Villa Gobernador G\u00e1lvez, N\u00e9stor Rodr\u00edguez y el jefe comunal de Pueblo Esther, Mart\u00edn Gherardi.<\/p>\n<p>Mackler, mencion\u00f3 que \u00abes un d\u00eda hist\u00f3rico ya que con esta obra se eliminar\u00e1 el basural a cielo abierto m\u00e1s importante de la provincia. Es la primera vez que Santa Fe realiza una inversi\u00f3n de este tipo en residuos s\u00f3lidos urbanos. Hablamos de 40 millones de pesos en su totalidad\u00bb, destac\u00f3.<\/p>\n<p>El proyecto se divide en dos etapas; la primera que consiste en el cierre y saneamiento del basural \u2014la actual licitaci\u00f3n\u2014 con un plazo de ocho meses. Incluye el saneamiento de los dos grandes basurales sat\u00e9lites de la zona, la recomposici\u00f3n del sector de reserva de inundaci\u00f3n del arroyo Saladillo, ubicada al este de la autopista, el acondicionamiento de caminos y drenajes, carteler\u00eda e instalaciones b\u00e1sicas para el personal.<\/p>\n<p>La segunda etapa comprende la construcci\u00f3n y operaci\u00f3n del centro ambiental para la recepci\u00f3n, pesaje, clasificaci\u00f3n, separaci\u00f3n y enfardado; tratamiento de fracci\u00f3n org\u00e1nica; m\u00f3dulos de relleno sanitario y tratamiento de efluentes. El predio abarca un \u00e1rea de tres hect\u00e1reas asignadas a un ecoparque, que contar\u00e1 con la infraestructura pertinente para desarrollo urban\u00edstico, como mejoramiento de calles y servicios.<\/p>\n<h6>Fuente: La Capital, Rosario<\/h6>\n","protected":false},"excerpt":{"rendered":"<p>Saneamiento ambiental. La obra se divide en dos etapas. La primera consiste en el cierre y limpieza del vertedero ubicado en la autopista y el arroyo Saladillo. Con la presencia del ministro de Aguas Servicios P\u00fablicos y Medio Ambiente, Antonio Ciancio y del intendente interino, Diego Garavano, se concret\u00f3 ayer en Villa Gobernador G\u00e1lvez el<\/p>\n","protected":false},"author":2,"featured_media":24376,"comment_status":"closed","ping_status":"closed","sticky":false,"template":"","format":"standard","meta":{"footnotes":""},"categories":[2],"tags":[10],"class_list":["post-24375","post","type-post","status-publish","format-standard","has-post-thumbnail","hentry","category-informe-municipal","tag-santa-fe"],"_links":{"self":[{"href":"http:\/\/argentinamunicipal.com.ar\/argentina\/wp-json\/wp\/v2\/posts\/24375","targetHints":{"allow":["GET"]}}],"collection":[{"href":"http:\/\/argentinamunicipal.com.ar\/argentina\/wp-json\/wp\/v2\/posts"}],"about":[{"href":"http:\/\/argentinamunicipal.com.ar\/argentina\/wp-json\/wp\/v2\/types\/post"}],"author":[{"embeddable":true,"href":"http:\/\/argentinamunicipal.com.ar\/argentina\/wp-json\/wp\/v2\/users\/2"}],"replies":[{"embeddable":true,"href":"http:\/\/argentinamunicipal.com.ar\/argentina\/wp-json\/wp\/v2\/comments?post=24375"}],"version-history":[{"count":0,"href":"http:\/\/argentinamunicipal.com.ar\/argentina\/wp-json\/wp\/v2\/posts\/24375\/revisions"}],"wp:featuredmedia":[{"embeddable":true,"href":"http:\/\/argentinamunicipal.com.ar\/argentina\/wp-json\/wp\/v2\/media\/24376"}],"wp:attachment":[{"href":"http:\/\/argentinamunicipal.com.ar\/argentina\/wp-json\/wp\/v2\/media?parent=24375"}],"wp:term":[{"taxonomy":"category","embeddable":true,"href":"http:\/\/argentinamunicipal.com.ar\/argentina\/wp-json\/wp\/v2\/categories?post=24375"},{"taxonomy":"post_tag","embeddable":true,"href":"http:\/\/argentinamunicipal.com.ar\/argentina\/wp-json\/wp\/v2\/tags?post=24375"}],"curies":[{"name":"wp","href":"https:\/\/api.w.org\/{rel}","templated":true}]}}