{"id":2445,"date":"2014-02-28T11:08:13","date_gmt":"2014-02-28T14:08:13","guid":{"rendered":"http:\/\/argentinamunicipal.com.ar\/argentina\/?p=2445"},"modified":"2014-03-31T10:22:51","modified_gmt":"2014-03-31T13:22:51","slug":"ya-empieza-el-debate-por-la-policia-comunal-en-buenos-aires","status":"publish","type":"post","link":"http:\/\/argentinamunicipal.com.ar\/argentina\/ya-empieza-el-debate-por-la-policia-comunal-en-buenos-aires\/","title":{"rendered":"Ya empieza el debate por la Polic\u00eda Comunal en Buenos Aires"},"content":{"rendered":"<div id=\"attachment_2446\" style=\"width: 610px\" class=\"wp-caption aligncenter\"><a href=\"http:\/\/argentinamunicipal.com.ar\/argentina\/wp-content\/uploads\/2014\/02\/DATA_ART_2019077.jpg\"><img loading=\"lazy\" decoding=\"async\" aria-describedby=\"caption-attachment-2446\" class=\"size-full wp-image-2446\" alt=\"SCIOLI JUNTO A VARIOS DE SUS MINISTROS, EN UNA REUNI\u00d3N CON INTENDENTES DE LA SEXTA SECCI\u00d3N. HABR\u00c1 UN ENCUENTRO CON NACI\u00d3N POR LA SALIDA DE LOS GENDARMES DE LA PROVINCIA Leer m\u00e1s en http:\/\/www.eldia.com.ar\/edis\/20140228\/Confirman-retiro-Gendarmeria-reclamos-intendentes-laprovincia0.htm\" src=\"http:\/\/argentinamunicipal.com.ar\/argentina\/wp-content\/uploads\/2014\/02\/DATA_ART_2019077.jpg\" width=\"600\" height=\"365\" srcset=\"http:\/\/argentinamunicipal.com.ar\/argentina\/wp-content\/uploads\/2014\/02\/DATA_ART_2019077.jpg 600w, http:\/\/argentinamunicipal.com.ar\/argentina\/wp-content\/uploads\/2014\/02\/DATA_ART_2019077-300x182.jpg 300w\" sizes=\"auto, (max-width: 600px) 100vw, 600px\" \/><\/a><p id=\"caption-attachment-2446\" class=\"wp-caption-text\">SCIOLI JUNTO A VARIOS DE SUS MINISTROS, EN UNA REUNI\u00d3N CON INTENDENTES DE LA SEXTA SECCI\u00d3N. HABR\u00c1 UN ENCUENTRO CON NACI\u00d3N POR LA SALIDA DE LOS GENDARMES DE LA PROVINCIA<br \/>Leer m\u00e1s en http:\/\/www.eldia.com.ar\/edis\/20140228\/Confirman-retiro-Gendarmeria-reclamos-intendentes-laprovincia0.htm<\/p><\/div>\n<p>El proyecto oficial recibi\u00f3 cuestionamientos de la UCR y el FAP. Respaldo y cautela de intendentes<\/p>\n<p>El proyecto de creaci\u00f3n de las Polic\u00edas Locales impulsado por el gobierno bonaerense, dispar\u00f3 ayer posiciones encontradas y aceler\u00f3 el debate de la iniciativa reci\u00e9n ingresada a la Legislatura.<\/p>\n<p>Desde el arco opositor, el radicalismo y el FAP salieron a cuestionar el proyecto y a adelantar su rechazo. Por caso, el presidente del bloque de senadores radical Carlos Fern\u00e1ndez, remarc\u00f3 que \u201cestamos a merced del capricho de los dos peronismos que quieren hacer propia una bandera que, dado el contexto actual, s\u00f3lo generar\u00e1 una crisis a\u00fan mayor\u201d.<\/p>\n<p>\u201cEn Latinoam\u00e9rica tenemos un ejemplo muy cercano y es el caso de M\u00e9xico. All\u00ed las polic\u00edas municipales fueron el trampol\u00edn en donde los carteles de la droga se terminaron adue\u00f1ando de la sociedad\u201d, indic\u00f3.<\/p>\n<p>Y complet\u00f3: \u201cLas polic\u00edas locales son las m\u00e1s d\u00e9biles, las m\u00e1s f\u00e1cilmente cooptables. En el Conurbano se da una simbiosis muy peligrosa de connivencia entre polic\u00edas, barrabravas y dealers\u201d, por lo que \u201cpodemos terminar haciendo un desastre\u201d.<\/p>\n<p>Por su parte, el diputado del FAP, Abel Buil, calific\u00f3 al proyecto como \u201cambiguo\u201d y \u201celectoralista\u201d, porque \u201cScioli lo presenta ante la demanda de mayor seguridad, sabiendo que el problema no se soluciona con medidas cortoplacistas\u201d.<\/p>\n<p>Asimismo, el legislador puso el foco en el financiamiento del nuevo cuerpo. \u201cEn el articulado no se especifica de d\u00f3nde van a salir las partidas para financiar a la fuerza, si de nuevos impuestos, endeudamiento o de otras asignaciones; eso debe quedar claro y es trascendental en el debate\u201d, sostuvo.<\/p>\n<p>Desde el oficialismo, varios intendentes salieron a respaldar la iniciativa, luego de que expresaran diversas dudas, en particular, sobre su financiamiento.<\/p>\n<p>\u201cLogramos que la Provincia se haga cargo del porcentaje para abonarle los b\u00e1sicos salariales y los aportes sociales tambi\u00e9n, adem\u00e1s de que nos ayuden para la compra de instrumental y armamento. Es una buena noticia, pero lo mejor es que eso se pueda corporizar\u201d, dijo el intendente de Lan\u00fas, Dar\u00edo D\u00edaz P\u00e9rez.<\/p>\n<p>Sin embargo, persisten las dudas en el propio oficialismo respecto de la posibilidad de que se terminen creando \u201cpolic\u00edas ricas y polic\u00edas pobres\u201d en funci\u00f3n de la cantidad de aportes adicionales que puedan hacer las administraciones locales.<\/p>\n<p>En el massismo, desde donde se viene impulsando el proyecto, ayer se hablaba de asegurar que la Provincia no retire a los efectivos de la Bonaerense una vez que los distritos conformen sus fuerzas locales.<\/p>\n<p>Estas son algunas de las dudas y objeciones que rodean a la iniciativa oficial que apunta a la creaci\u00f3n de Polic\u00edas Locales en distritos de m\u00e1s de 70 mil habitantes.<\/p>\n<p>La Provincia pretende que la nueva estructura de seguridad comience a funcionar en 2015 con unos 15 mil efectivos.<\/p>\n<h6>Fuente: El D\u00eda de La Plata<\/h6>\n","protected":false},"excerpt":{"rendered":"<p>El proyecto oficial recibi\u00f3 cuestionamientos de la UCR y el FAP. Respaldo y cautela de intendentes El proyecto de creaci\u00f3n de las Polic\u00edas Locales impulsado por el gobierno bonaerense, dispar\u00f3 ayer posiciones encontradas y aceler\u00f3 el debate de la iniciativa reci\u00e9n ingresada a la Legislatura. Desde el arco opositor, el radicalismo y el FAP salieron<\/p>\n","protected":false},"author":1,"featured_media":2446,"comment_status":"closed","ping_status":"closed","sticky":false,"template":"","format":"standard","meta":{"footnotes":""},"categories":[49],"tags":[12],"class_list":["post-2445","post","type-post","status-publish","format-standard","has-post-thumbnail","hentry","category-seguridad","tag-buenos-aires"],"_links":{"self":[{"href":"http:\/\/argentinamunicipal.com.ar\/argentina\/wp-json\/wp\/v2\/posts\/2445","targetHints":{"allow":["GET"]}}],"collection":[{"href":"http:\/\/argentinamunicipal.com.ar\/argentina\/wp-json\/wp\/v2\/posts"}],"about":[{"href":"http:\/\/argentinamunicipal.com.ar\/argentina\/wp-json\/wp\/v2\/types\/post"}],"author":[{"embeddable":true,"href":"http:\/\/argentinamunicipal.com.ar\/argentina\/wp-json\/wp\/v2\/users\/1"}],"replies":[{"embeddable":true,"href":"http:\/\/argentinamunicipal.com.ar\/argentina\/wp-json\/wp\/v2\/comments?post=2445"}],"version-history":[{"count":0,"href":"http:\/\/argentinamunicipal.com.ar\/argentina\/wp-json\/wp\/v2\/posts\/2445\/revisions"}],"wp:featuredmedia":[{"embeddable":true,"href":"http:\/\/argentinamunicipal.com.ar\/argentina\/wp-json\/wp\/v2\/media\/2446"}],"wp:attachment":[{"href":"http:\/\/argentinamunicipal.com.ar\/argentina\/wp-json\/wp\/v2\/media?parent=2445"}],"wp:term":[{"taxonomy":"category","embeddable":true,"href":"http:\/\/argentinamunicipal.com.ar\/argentina\/wp-json\/wp\/v2\/categories?post=2445"},{"taxonomy":"post_tag","embeddable":true,"href":"http:\/\/argentinamunicipal.com.ar\/argentina\/wp-json\/wp\/v2\/tags?post=2445"}],"curies":[{"name":"wp","href":"https:\/\/api.w.org\/{rel}","templated":true}]}}