{"id":24507,"date":"2015-02-11T08:58:00","date_gmt":"2015-02-11T11:58:00","guid":{"rendered":"http:\/\/argentinamunicipal.com.ar\/argentina\/?p=24507"},"modified":"2015-02-11T10:05:55","modified_gmt":"2015-02-11T13:05:55","slug":"la-semana-que-viene-comienzan-las-paritarias-en-la-municipalidad-de-federacion","status":"publish","type":"post","link":"http:\/\/argentinamunicipal.com.ar\/argentina\/la-semana-que-viene-comienzan-las-paritarias-en-la-municipalidad-de-federacion\/","title":{"rendered":"La semana que viene comienzan las paritarias en la Municipalidad de Federaci\u00f3n"},"content":{"rendered":"<p><a href=\"http:\/\/argentinamunicipal.com.ar\/argentina\/wp-content\/uploads\/2015\/02\/apfdigital_247077_tapa_1022015_194454.jpg\"><img loading=\"lazy\" decoding=\"async\" class=\"alignleft size-full wp-image-24508\" src=\"http:\/\/argentinamunicipal.com.ar\/argentina\/wp-content\/uploads\/2015\/02\/apfdigital_247077_tapa_1022015_194454.jpg\" alt=\"apfdigital_247077_tapa_1022015_194454\" width=\"499\" height=\"329\" srcset=\"http:\/\/argentinamunicipal.com.ar\/argentina\/wp-content\/uploads\/2015\/02\/apfdigital_247077_tapa_1022015_194454.jpg 499w, http:\/\/argentinamunicipal.com.ar\/argentina\/wp-content\/uploads\/2015\/02\/apfdigital_247077_tapa_1022015_194454-300x198.jpg 300w\" sizes=\"auto, (max-width: 499px) 100vw, 499px\" \/><\/a>Los municipales de Federaci\u00f3n se reunir\u00e1n la semana que viene con autoridades de la comuna para iniciar las negociaciones paritarias para los pr\u00f3ximos meses \u00b7 Seg\u00fan dijo a APFDigital el secretario General de la Asociaci\u00f3n de Empleados Municipales de Federaci\u00f3n (Aemfe), Adolfo Rigoni, pedir\u00e1n un 20 por ciento de incremento \u00b7 De este modo, esperan cerrar 2015 con un 30 por ciento de mejora salarial<\/p>\n<p>A mediados de febrero comenzar\u00edan las negociaciones salariales con los municipales de Federaci\u00f3n.<\/p>\n<p>Arrancan las paritarias en el Municipio de Federacion<\/p>\n<p>\u201cHab\u00edamos quedado en reunirnos a mediados de febrero, as\u00ed que la semana que viene nos dijeron que \u00edbamos a concretar el encuentro. El Intendente (Carlos Cecco) nos hab\u00eda pedido esperar un poco hasta ver si se resolv\u00eda algo, pero ene so estamos, porque pedimos que el incremento sea desde febrero\u201d, inform\u00f3 Rigoni.<\/p>\n<p>Al mismo tiempo, el sindicalista agreg\u00f3 que al ser la pr\u00f3xima una semana corta la paritaria se podr\u00eda concretar \u201centre el jueves y el viernes\u201d.<\/p>\n<p>\u201cSeguimos insistiendo en llegar a un 20 por ciento de aumento para los primeros meses del a\u00f1o. Aspiramos a llegar al 30 por ciento para todo el a\u00f1o. Quiz\u00e1s pidamos m\u00e1s para llegar a menos. La idea es que en junio podamos discutir otro porcentaje. Si logramos un 10 por ciento sobre el 20 anterior, entonces tendremos un 32 o 3 por ciento\u201d, detall\u00f3.<\/p>\n<p>Seg\u00fan agreg\u00f3 Rigoni por \u00faltimo a esta Agencia, el a\u00f1o pasado lograron el 31 por ciento de aumento, mientras que en 2013 llegaron al 27 y en 2012 obtuvieron el 25 por ciento.<\/p>\n<h6>Fuente: APF Digital<\/h6>\n","protected":false},"excerpt":{"rendered":"<p>Los municipales de Federaci\u00f3n se reunir\u00e1n la semana que viene con autoridades de la comuna para iniciar las negociaciones paritarias para los pr\u00f3ximos meses \u00b7 Seg\u00fan dijo a APFDigital el secretario General de la Asociaci\u00f3n de Empleados Municipales de Federaci\u00f3n (Aemfe), Adolfo Rigoni, pedir\u00e1n un 20 por ciento de incremento \u00b7 De este modo, esperan<\/p>\n","protected":false},"author":2,"featured_media":24508,"comment_status":"closed","ping_status":"closed","sticky":false,"template":"","format":"standard","meta":{"footnotes":""},"categories":[7],"tags":[17],"class_list":["post-24507","post","type-post","status-publish","format-standard","has-post-thumbnail","hentry","category-informe-sindical","tag-entre-rios"],"_links":{"self":[{"href":"http:\/\/argentinamunicipal.com.ar\/argentina\/wp-json\/wp\/v2\/posts\/24507","targetHints":{"allow":["GET"]}}],"collection":[{"href":"http:\/\/argentinamunicipal.com.ar\/argentina\/wp-json\/wp\/v2\/posts"}],"about":[{"href":"http:\/\/argentinamunicipal.com.ar\/argentina\/wp-json\/wp\/v2\/types\/post"}],"author":[{"embeddable":true,"href":"http:\/\/argentinamunicipal.com.ar\/argentina\/wp-json\/wp\/v2\/users\/2"}],"replies":[{"embeddable":true,"href":"http:\/\/argentinamunicipal.com.ar\/argentina\/wp-json\/wp\/v2\/comments?post=24507"}],"version-history":[{"count":0,"href":"http:\/\/argentinamunicipal.com.ar\/argentina\/wp-json\/wp\/v2\/posts\/24507\/revisions"}],"wp:featuredmedia":[{"embeddable":true,"href":"http:\/\/argentinamunicipal.com.ar\/argentina\/wp-json\/wp\/v2\/media\/24508"}],"wp:attachment":[{"href":"http:\/\/argentinamunicipal.com.ar\/argentina\/wp-json\/wp\/v2\/media?parent=24507"}],"wp:term":[{"taxonomy":"category","embeddable":true,"href":"http:\/\/argentinamunicipal.com.ar\/argentina\/wp-json\/wp\/v2\/categories?post=24507"},{"taxonomy":"post_tag","embeddable":true,"href":"http:\/\/argentinamunicipal.com.ar\/argentina\/wp-json\/wp\/v2\/tags?post=24507"}],"curies":[{"name":"wp","href":"https:\/\/api.w.org\/{rel}","templated":true}]}}