{"id":24510,"date":"2015-02-11T10:08:58","date_gmt":"2015-02-11T13:08:58","guid":{"rendered":"http:\/\/argentinamunicipal.com.ar\/argentina\/?p=24510"},"modified":"2015-02-11T10:08:58","modified_gmt":"2015-02-11T13:08:58","slug":"se-declaro-de-interes-municipal-el-plan-parana-170-viviendas","status":"publish","type":"post","link":"http:\/\/argentinamunicipal.com.ar\/argentina\/se-declaro-de-interes-municipal-el-plan-parana-170-viviendas\/","title":{"rendered":"Se declar\u00f3 de inter\u00e9s municipal el plan \u201cParan\u00e1 170 viviendas\u201d"},"content":{"rendered":"<p><a href=\"http:\/\/argentinamunicipal.com.ar\/argentina\/wp-content\/uploads\/2015\/02\/1339_t650.jpg\"><img loading=\"lazy\" decoding=\"async\" class=\"aligncenter size-full wp-image-24511\" src=\"http:\/\/argentinamunicipal.com.ar\/argentina\/wp-content\/uploads\/2015\/02\/1339_t650.jpg\" alt=\"1339_t650\" width=\"650\" height=\"432\" srcset=\"http:\/\/argentinamunicipal.com.ar\/argentina\/wp-content\/uploads\/2015\/02\/1339_t650.jpg 650w, http:\/\/argentinamunicipal.com.ar\/argentina\/wp-content\/uploads\/2015\/02\/1339_t650-300x199.jpg 300w\" sizes=\"auto, (max-width: 650px) 100vw, 650px\" \/><\/a><\/p>\n<p>Fue promulgada la ordenanza N\u00b0 9283, sancionada por el Concejo Deliberante de Paran\u00e1 el 9 de diciembre de 2014, que declar\u00f3 de inter\u00e9s municipal el Plan de Viviendas denominado \u201cParan\u00e1 170 viviendas\u201d, en el marco del Programa Federal de Viviendas \u201cTecho Digno\u201d, ejecutado por el Instituto Aut\u00e1rquico de Planeamiento y Vivienda de Entre R\u00edos (IAPV)<\/p>\n<p>La norma aprueba adem\u00e1s el amanzanamiento, loteo y trazado de calles en dos inmuebles propiedad del \u201cIAPV\u201d, ubicados en calles General Jos\u00e9 Gervasio Artigas 2167 y Juan Garrig\u00f3 2942, donde se levantar\u00e1n las 170 unidades habitacionales.<\/p>\n<h3>\u00a0\u201cTecho Digno\u201d<\/h3>\n<p>El Programa Federal de Construcci\u00f3n de Viviendas \u201cTecho Digno\u00bb es impulsado por el Ministerio de Planificaci\u00f3n Federal, Inversi\u00f3n y Servicios de la Naci\u00f3n, y tiene como objetivos la ejecuci\u00f3n de obras, con la finalidad de contribuir al desarrollo y mejoramiento de las condiciones de h\u00e1bitat de los hogares de menores recursos, generando empleo formal y movilizando mercados locales de materiales en comercializaci\u00f3n y construcci\u00f3n.<\/p>\n<p>El programa se lleva a cabo en forma conjunta con los estados provinciales y\/o municipales que adhieran al mismo, financiando la ejecuci\u00f3n de las obras y est\u00e1 compuesto por dos l\u00edneas de acci\u00f3n, la construcci\u00f3n de viviendas nuevas y mejoramiento del h\u00e1bitat y obras de infraestructura y complementarias.<\/p>\n<p>El aludido programa tambi\u00e9n tiene como objetivos consolidar la evoluci\u00f3n decreciente del d\u00e9ficit habitacional, mejorar la calidad de vida de los hogares y fortalecer el proceso de reactivaci\u00f3n econ\u00f3mica del sector habitacional.<\/p>\n<h6>Fuente: APF Digital<\/h6>\n","protected":false},"excerpt":{"rendered":"<p>Fue promulgada la ordenanza N\u00b0 9283, sancionada por el Concejo Deliberante de Paran\u00e1 el 9 de diciembre de 2014, que declar\u00f3 de inter\u00e9s municipal el Plan de Viviendas denominado \u201cParan\u00e1 170 viviendas\u201d, en el marco del Programa Federal de Viviendas \u201cTecho Digno\u201d, ejecutado por el Instituto Aut\u00e1rquico de Planeamiento y Vivienda de Entre R\u00edos (IAPV)<\/p>\n","protected":false},"author":2,"featured_media":24511,"comment_status":"closed","ping_status":"closed","sticky":false,"template":"","format":"standard","meta":{"footnotes":""},"categories":[2],"tags":[17],"class_list":["post-24510","post","type-post","status-publish","format-standard","has-post-thumbnail","hentry","category-informe-municipal","tag-entre-rios"],"_links":{"self":[{"href":"http:\/\/argentinamunicipal.com.ar\/argentina\/wp-json\/wp\/v2\/posts\/24510","targetHints":{"allow":["GET"]}}],"collection":[{"href":"http:\/\/argentinamunicipal.com.ar\/argentina\/wp-json\/wp\/v2\/posts"}],"about":[{"href":"http:\/\/argentinamunicipal.com.ar\/argentina\/wp-json\/wp\/v2\/types\/post"}],"author":[{"embeddable":true,"href":"http:\/\/argentinamunicipal.com.ar\/argentina\/wp-json\/wp\/v2\/users\/2"}],"replies":[{"embeddable":true,"href":"http:\/\/argentinamunicipal.com.ar\/argentina\/wp-json\/wp\/v2\/comments?post=24510"}],"version-history":[{"count":0,"href":"http:\/\/argentinamunicipal.com.ar\/argentina\/wp-json\/wp\/v2\/posts\/24510\/revisions"}],"wp:featuredmedia":[{"embeddable":true,"href":"http:\/\/argentinamunicipal.com.ar\/argentina\/wp-json\/wp\/v2\/media\/24511"}],"wp:attachment":[{"href":"http:\/\/argentinamunicipal.com.ar\/argentina\/wp-json\/wp\/v2\/media?parent=24510"}],"wp:term":[{"taxonomy":"category","embeddable":true,"href":"http:\/\/argentinamunicipal.com.ar\/argentina\/wp-json\/wp\/v2\/categories?post=24510"},{"taxonomy":"post_tag","embeddable":true,"href":"http:\/\/argentinamunicipal.com.ar\/argentina\/wp-json\/wp\/v2\/tags?post=24510"}],"curies":[{"name":"wp","href":"https:\/\/api.w.org\/{rel}","templated":true}]}}