{"id":24540,"date":"2015-02-11T10:49:50","date_gmt":"2015-02-11T13:49:50","guid":{"rendered":"http:\/\/argentinamunicipal.com.ar\/argentina\/?p=24540"},"modified":"2015-02-11T10:49:50","modified_gmt":"2015-02-11T13:49:50","slug":"fin-de-mes-llegaran-empresarios-chinos-interesados-en-el-puerto-de-ibicuy","status":"publish","type":"post","link":"http:\/\/argentinamunicipal.com.ar\/argentina\/fin-de-mes-llegaran-empresarios-chinos-interesados-en-el-puerto-de-ibicuy\/","title":{"rendered":"A fin de mes llegar\u00e1n empresarios chinos interesados en el Puerto de Ibicuy"},"content":{"rendered":"<p><a href=\"http:\/\/argentinamunicipal.com.ar\/argentina\/wp-content\/uploads\/2015\/02\/puertodeentreriosibicuy.jpg\"><img loading=\"lazy\" decoding=\"async\" class=\"alignleft size-full wp-image-24541\" src=\"http:\/\/argentinamunicipal.com.ar\/argentina\/wp-content\/uploads\/2015\/02\/puertodeentreriosibicuy.jpg\" alt=\"puertodeentreriosibicuy\" width=\"468\" height=\"280\" srcset=\"http:\/\/argentinamunicipal.com.ar\/argentina\/wp-content\/uploads\/2015\/02\/puertodeentreriosibicuy.jpg 468w, http:\/\/argentinamunicipal.com.ar\/argentina\/wp-content\/uploads\/2015\/02\/puertodeentreriosibicuy-300x179.jpg 300w\" sizes=\"auto, (max-width: 468px) 100vw, 468px\" \/><\/a>El gobernador Sergio Urribarri recibi\u00f3 al intendente de Ibicuy Fabi\u00e1n Murilla para ponerlo al tanto sobre las inversiones que empresarios chinos realizar\u00e1n en el puerto de aguas abiertas de esa localidad \u2022 Las mismas ser\u00e1n en el marco de las negociaciones realizadas por el mandatario provincial en su reciente gira por el pa\u00eds de Oriente \u2022 Los inversores extranjeros llegar\u00e1n a fin de mes para interiorizarse sobre las infraestructuras que ser\u00e1n necesarias poner en marcha<\/p>\n<p>El gobernador invit\u00f3 a Fabi\u00e1n Murilla para informarle sobre las inversiones que empresarios chinos realizar\u00e1n en las obras en el puerto de Ibicuy.<\/p>\n<p>\u201cRealmente para nosotros, para nuestro pueblo, es algo muy lindo porque hace muchos a\u00f1os estamos esperando que nuestro puerto se rehabilite, y ahora hay una gran posibilidad de que esta gente venga a invertir a Ibicuy, con un porcentaje tambi\u00e9n de fondos nacionales y lo que corresponde del Estado entrerriano\u201d, expres\u00f3 el Intendente a la salida de la reuni\u00f3n.<\/p>\n<p>Y consider\u00f3 adem\u00e1s que \u201ctodo esto es una excelente noticia\u201d y a\u00f1adi\u00f3: \u201cEl Gobernador se comprometi\u00f3 a ir a Ibicuy en los \u00faltimos d\u00edas de febrero, all\u00ed nos reuniremos con la delegaci\u00f3n de los empresarios chinos, y desde el municipio les contaremos a los inversores y al ejecutivo provincial las capacidades que tiene el puerto y cu\u00e1les son las infraestructuras que se pueden realizar\u201d.<\/p>\n<h3>Empleo genuino para los entrerrianos<\/h3>\n<p>\u201cM\u00e1s que nada es una gran alegr\u00eda para nuestra gente saber que se ocupar\u00e1 mano de obra genuina, en un 60 por ciento, adem\u00e1s el Gobernador me inform\u00f3 que el monto de la inversi\u00f3n ser\u00e1 todo lo que sea necesario para que se realice la infraestructura requerida para trabajar todo tipo de carga en el puerto. Me inform\u00f3 que es una empresa muy importante que tiene mucho capital, y es lo mejor que nos puede pasar porque realmente cada vez que encaramos lo que es Puerto Ibicuy, siempre tuvimos problemas con el tema inversores. Ahora va en firme porque Urribarri me lo acaba de confirmar\u201d.<\/p>\n<p>Murilla concluy\u00f3 puntualizando que \u201crealmente Ibicuy va a crecer de gran manera con la cantidad de empleos que estas inversiones generar\u00e1n, nuestros hijos y nietos dejar\u00e1n despu\u00e9s de mucho tiempo, de buscar otras fronteras para poder encontrar verdadero trabajo\u201d.<\/p>\n<p>Adem\u00e1s coment\u00f3 que para esta visita a fin de mes, el Gobernador inaugurar\u00e1 viviendas y realizar\u00e1 otras actividades institucionales.<\/p>\n<h6>Fuente: APF Digital<\/h6>\n","protected":false},"excerpt":{"rendered":"<p>El gobernador Sergio Urribarri recibi\u00f3 al intendente de Ibicuy Fabi\u00e1n Murilla para ponerlo al tanto sobre las inversiones que empresarios chinos realizar\u00e1n en el puerto de aguas abiertas de esa localidad \u2022 Las mismas ser\u00e1n en el marco de las negociaciones realizadas por el mandatario provincial en su reciente gira por el pa\u00eds de Oriente<\/p>\n","protected":false},"author":2,"featured_media":24541,"comment_status":"closed","ping_status":"closed","sticky":false,"template":"","format":"standard","meta":{"footnotes":""},"categories":[2],"tags":[17],"class_list":["post-24540","post","type-post","status-publish","format-standard","has-post-thumbnail","hentry","category-informe-municipal","tag-entre-rios"],"_links":{"self":[{"href":"http:\/\/argentinamunicipal.com.ar\/argentina\/wp-json\/wp\/v2\/posts\/24540","targetHints":{"allow":["GET"]}}],"collection":[{"href":"http:\/\/argentinamunicipal.com.ar\/argentina\/wp-json\/wp\/v2\/posts"}],"about":[{"href":"http:\/\/argentinamunicipal.com.ar\/argentina\/wp-json\/wp\/v2\/types\/post"}],"author":[{"embeddable":true,"href":"http:\/\/argentinamunicipal.com.ar\/argentina\/wp-json\/wp\/v2\/users\/2"}],"replies":[{"embeddable":true,"href":"http:\/\/argentinamunicipal.com.ar\/argentina\/wp-json\/wp\/v2\/comments?post=24540"}],"version-history":[{"count":0,"href":"http:\/\/argentinamunicipal.com.ar\/argentina\/wp-json\/wp\/v2\/posts\/24540\/revisions"}],"wp:featuredmedia":[{"embeddable":true,"href":"http:\/\/argentinamunicipal.com.ar\/argentina\/wp-json\/wp\/v2\/media\/24541"}],"wp:attachment":[{"href":"http:\/\/argentinamunicipal.com.ar\/argentina\/wp-json\/wp\/v2\/media?parent=24540"}],"wp:term":[{"taxonomy":"category","embeddable":true,"href":"http:\/\/argentinamunicipal.com.ar\/argentina\/wp-json\/wp\/v2\/categories?post=24540"},{"taxonomy":"post_tag","embeddable":true,"href":"http:\/\/argentinamunicipal.com.ar\/argentina\/wp-json\/wp\/v2\/tags?post=24540"}],"curies":[{"name":"wp","href":"https:\/\/api.w.org\/{rel}","templated":true}]}}