{"id":24562,"date":"2015-02-16T06:30:51","date_gmt":"2015-02-16T09:30:51","guid":{"rendered":"http:\/\/argentinamunicipal.com.ar\/argentina\/?p=24562"},"modified":"2015-02-11T16:40:10","modified_gmt":"2015-02-11T19:40:10","slug":"por-la-costa-pasaron-mas-de-9-millones-de-turistas","status":"publish","type":"post","link":"http:\/\/argentinamunicipal.com.ar\/argentina\/por-la-costa-pasaron-mas-de-9-millones-de-turistas\/","title":{"rendered":"Por la Costa pasaron m\u00e1s de 9 millones de turistas"},"content":{"rendered":"<p><a href=\"http:\/\/argentinamunicipal.com.ar\/argentina\/wp-content\/uploads\/2015\/02\/difunden-precios-la-temporada-mar-del-plata-.jpg\"><img loading=\"lazy\" decoding=\"async\" class=\"aligncenter size-full wp-image-24563\" src=\"http:\/\/argentinamunicipal.com.ar\/argentina\/wp-content\/uploads\/2015\/02\/difunden-precios-la-temporada-mar-del-plata-.jpg\" alt=\"difunden-precios-la-temporada-mar-del-plata-\" width=\"601\" height=\"341\" srcset=\"http:\/\/argentinamunicipal.com.ar\/argentina\/wp-content\/uploads\/2015\/02\/difunden-precios-la-temporada-mar-del-plata-.jpg 601w, http:\/\/argentinamunicipal.com.ar\/argentina\/wp-content\/uploads\/2015\/02\/difunden-precios-la-temporada-mar-del-plata--300x170.jpg 300w\" sizes=\"auto, (max-width: 601px) 100vw, 601px\" \/><\/a><br \/>\nLo anunci\u00f3 la Secretar\u00eda de Turismo de la Provincia, que dio cuenta de un flujo r\u00e9cord de visitantes.<\/p>\n<p>Los datos de turismo en la Costa siguen siendo alentadores. La Secretar\u00eda de Turismo de la provincia de Buenos Aires inform\u00f3 que La costa bonaerense recibi\u00f3 m\u00e1s de 9,5 millones de turistas en lo que va del verano, lo que gener\u00f3 en enero y febrero un incremento en la ocupaci\u00f3n hotelera del 6% en relaci\u00f3n a la temporada anterior.<\/p>\n<p>El estudio respectivo fue elaborado en base a datos preliminares de este organismo y de las \u00e1reas de Turismo de municipios costeros, e incluye cifras que manifiestan \u00f3ptimos niveles de reservas para el fin de semana largo de carnavales en toda la provincia.<\/p>\n<p>Al respecto, el secretario de Turismo, Ignacio Crotto, detall\u00f3 que durante estos diez d\u00edas de febrero \u00abse estableci\u00f3 un incremento del 5 por ciento respecto al mismo per\u00edodo de 2014\u00bb.<\/p>\n<p>Batiendo r\u00e9cords. Crotto se\u00f1al\u00f3 que diciembre \u00abtuvo un flujo r\u00e9cord de turistas que no se reflejaba en los \u00faltimos 21 a\u00f1os\u00bb, con un incremento del 3% respecto a 2013 y el mayor ingreso de turistas desde la d\u00e9cada de los 90 en Mar del Plata, ciudad que recibi\u00f3 840 mil visitantes.<\/p>\n<p>Para el fin de semana largo de carnaval, el titular de turismo dijo que se registra \u00abentre un 90 y 95 por ciento de las plazas hoteleras completas\u00bb.<\/p>\n<h6>Fuente: InfoRegi\u00f3n<\/h6>\n","protected":false},"excerpt":{"rendered":"<p>Lo anunci\u00f3 la Secretar\u00eda de Turismo de la Provincia, que dio cuenta de un flujo r\u00e9cord de visitantes. Los datos de turismo en la Costa siguen siendo alentadores. La Secretar\u00eda de Turismo de la provincia de Buenos Aires inform\u00f3 que La costa bonaerense recibi\u00f3 m\u00e1s de 9,5 millones de turistas en lo que va del<\/p>\n","protected":false},"author":2,"featured_media":24563,"comment_status":"closed","ping_status":"closed","sticky":false,"template":"","format":"standard","meta":{"footnotes":""},"categories":[8],"tags":[21],"class_list":["post-24562","post","type-post","status-publish","format-standard","has-post-thumbnail","hentry","category-informe-nacional","tag-argentina"],"_links":{"self":[{"href":"http:\/\/argentinamunicipal.com.ar\/argentina\/wp-json\/wp\/v2\/posts\/24562","targetHints":{"allow":["GET"]}}],"collection":[{"href":"http:\/\/argentinamunicipal.com.ar\/argentina\/wp-json\/wp\/v2\/posts"}],"about":[{"href":"http:\/\/argentinamunicipal.com.ar\/argentina\/wp-json\/wp\/v2\/types\/post"}],"author":[{"embeddable":true,"href":"http:\/\/argentinamunicipal.com.ar\/argentina\/wp-json\/wp\/v2\/users\/2"}],"replies":[{"embeddable":true,"href":"http:\/\/argentinamunicipal.com.ar\/argentina\/wp-json\/wp\/v2\/comments?post=24562"}],"version-history":[{"count":0,"href":"http:\/\/argentinamunicipal.com.ar\/argentina\/wp-json\/wp\/v2\/posts\/24562\/revisions"}],"wp:featuredmedia":[{"embeddable":true,"href":"http:\/\/argentinamunicipal.com.ar\/argentina\/wp-json\/wp\/v2\/media\/24563"}],"wp:attachment":[{"href":"http:\/\/argentinamunicipal.com.ar\/argentina\/wp-json\/wp\/v2\/media?parent=24562"}],"wp:term":[{"taxonomy":"category","embeddable":true,"href":"http:\/\/argentinamunicipal.com.ar\/argentina\/wp-json\/wp\/v2\/categories?post=24562"},{"taxonomy":"post_tag","embeddable":true,"href":"http:\/\/argentinamunicipal.com.ar\/argentina\/wp-json\/wp\/v2\/tags?post=24562"}],"curies":[{"name":"wp","href":"https:\/\/api.w.org\/{rel}","templated":true}]}}