{"id":24565,"date":"2015-02-15T06:40:52","date_gmt":"2015-02-15T09:40:52","guid":{"rendered":"http:\/\/argentinamunicipal.com.ar\/argentina\/?p=24565"},"modified":"2015-02-11T16:44:26","modified_gmt":"2015-02-11T19:44:26","slug":"rajoy-niega-un-incremento-en-la-pobreza-y-emergencia-social","status":"publish","type":"post","link":"http:\/\/argentinamunicipal.com.ar\/argentina\/rajoy-niega-un-incremento-en-la-pobreza-y-emergencia-social\/","title":{"rendered":"Rajoy niega un incremento en la pobreza y emergencia social"},"content":{"rendered":"<p><a href=\"http:\/\/argentinamunicipal.com.ar\/argentina\/wp-content\/uploads\/2015\/02\/1403576020_740215_0000000000_noticia_normal.jpg\"><img loading=\"lazy\" decoding=\"async\" class=\"aligncenter size-full wp-image-24566\" src=\"http:\/\/argentinamunicipal.com.ar\/argentina\/wp-content\/uploads\/2015\/02\/1403576020_740215_0000000000_noticia_normal.jpg\" alt=\"1403576020_740215_0000000000_noticia_normal\" width=\"668\" height=\"395\" srcset=\"http:\/\/argentinamunicipal.com.ar\/argentina\/wp-content\/uploads\/2015\/02\/1403576020_740215_0000000000_noticia_normal.jpg 668w, http:\/\/argentinamunicipal.com.ar\/argentina\/wp-content\/uploads\/2015\/02\/1403576020_740215_0000000000_noticia_normal-300x177.jpg 300w\" sizes=\"auto, (max-width: 668px) 100vw, 668px\" \/><\/a><br \/>\nEl presidente del gobierno espa\u00f1ol neg\u00f3 que Espa\u00f1a est\u00e9 en una situaci\u00f3n de emergencia social por sus pol\u00edticas neoliberales, como le reproch\u00f3 la oposici\u00f3n tras la publicaci\u00f3n de un informe que advierte de casi 13 millones de personas en riesgo de exclusi\u00f3n y pobreza.<\/p>\n<p>\u00abNos ha pintado usted un pa\u00eds que sinceramente yo no conozco\u00bb, dijo Rajoy en respuesta al diputado y coordinador general de Izquierda Unida (IU), Cayo Lara, quien durante una sesi\u00f3n de control al gobierno en el Congreso de los Diputados le exigi\u00f3 una respuesta para las personas que sufren sus pol\u00edticas econ\u00f3micas.<\/p>\n<p>Lara se hab\u00eda dirigido a Rajoy para demandarle concretamente un plan contra la pobreza, ayudas a los desocupados de larga duraci\u00f3n, y la derogaci\u00f3n de su reforma laboral ante la \u00abaut\u00e9ntica emergencia social\u00bb que vive el pa\u00eds.<\/p>\n<p>\u00abAyer conocimos un informe que dice que hay casi 13 millones de personas en el umbral de la pobreza, 5 millones en exclusi\u00f3n severa. Somos el segundo pa\u00eds en pobreza infantil de la Uni\u00f3n Europea, 9 millones de personas est\u00e1n con pobreza energ\u00e9tica. Su recuperaci\u00f3n y despegue es una falacia\u00bb, sostuvo el diputado de IU.<\/p>\n<p>\u00abSu reforma laboral sigue provocando m\u00e1s despidos baratos y las multinacionales est\u00e1n desmoralizando sin piedad y buscando salarios miserables, mientras la banca sigue teniendo m\u00e1s beneficios y las empresas tambi\u00e9n\u00bb, a\u00f1adi\u00f3.<\/p>\n<p>\u00abSu gobierno es c\u00f3mplice de todo esto\u00bb, subray\u00f3 Lara, que mostraba una camiseta con el lema \u00abNo al cierre de Bosal\u00bb, una empresa valenciana que planea despedir a unos 200 trabajadores.<\/p>\n<p>En su turno de respuesta, Rajoy directamente eludi\u00f3 el panorama presentado por Lara:<br \/>\n\u00abUsted describe el peor pa\u00eds del mundo; pero no es verdad porque vamos claramente mejor\u00bb, dijo.<\/p>\n<p>El jefe del Ejecutivo record\u00f3 algunas medidas de su gobierno e hizo hincapi\u00e9 en que Espa\u00f1a \u00absali\u00f3 de la recesi\u00f3n y est\u00e1 creando riqueza\u00bb.<\/p>\n<p>\u00abEl a\u00f1o pasado hubo 487.000 parados menos y este a\u00f1o tambi\u00e9n habr\u00e1 menos\u00bb, agreg\u00f3.<\/p>\n<p>Adem\u00e1s, Rajoy subray\u00f3 que, contrariamente a lo que se\u00f1al\u00f3 el informe presentado por la Red Europea de Lucha contra la pobreza y la exclusi\u00f3n social (EAPN), los datos de Eurostar -estad\u00edsticas oficiales de la Uni\u00f3n Europea- indican que tras cuatro a\u00f1os de incremento de la pobreza, \u00aben 2013 se produjo una inflexi\u00f3n y 2014 ser\u00e1 mejor\u00bb.<\/p>\n<p>El informe de EAPN, basado en el indicador europeo AROPE -que combina la renta con las posibilidades de consumo y el empleo- revela que la situaci\u00f3n social en el pa\u00eds se deterior\u00f3 enormemente con la crisis econ\u00f3mica y que la desigualdad aument\u00f3.<\/p>\n<p>El estudio indica que el n\u00famero de personas que viven en situaci\u00f3n de pobreza y riesgo de exclusi\u00f3n social se increment\u00f3 un 2,9%, es decir, en 1,3 millones de personas entre 2009 y 2013, con lo que un 27,3% de la poblaci\u00f3n de Espa\u00f1a, casi 13 millones de personas viven ya en esta situaci\u00f3n.<\/p>\n<h6>Fuente: T\u00e9lam<\/h6>\n","protected":false},"excerpt":{"rendered":"<p>El presidente del gobierno espa\u00f1ol neg\u00f3 que Espa\u00f1a est\u00e9 en una situaci\u00f3n de emergencia social por sus pol\u00edticas neoliberales, como le reproch\u00f3 la oposici\u00f3n tras la publicaci\u00f3n de un informe que advierte de casi 13 millones de personas en riesgo de exclusi\u00f3n y pobreza. \u00abNos ha pintado usted un pa\u00eds que sinceramente yo no conozco\u00bb,<\/p>\n","protected":false},"author":2,"featured_media":24566,"comment_status":"closed","ping_status":"closed","sticky":false,"template":"","format":"standard","meta":{"footnotes":""},"categories":[22],"tags":[57],"class_list":["post-24565","post","type-post","status-publish","format-standard","has-post-thumbnail","hentry","category-el-mundo","tag-el-mundo"],"_links":{"self":[{"href":"http:\/\/argentinamunicipal.com.ar\/argentina\/wp-json\/wp\/v2\/posts\/24565","targetHints":{"allow":["GET"]}}],"collection":[{"href":"http:\/\/argentinamunicipal.com.ar\/argentina\/wp-json\/wp\/v2\/posts"}],"about":[{"href":"http:\/\/argentinamunicipal.com.ar\/argentina\/wp-json\/wp\/v2\/types\/post"}],"author":[{"embeddable":true,"href":"http:\/\/argentinamunicipal.com.ar\/argentina\/wp-json\/wp\/v2\/users\/2"}],"replies":[{"embeddable":true,"href":"http:\/\/argentinamunicipal.com.ar\/argentina\/wp-json\/wp\/v2\/comments?post=24565"}],"version-history":[{"count":0,"href":"http:\/\/argentinamunicipal.com.ar\/argentina\/wp-json\/wp\/v2\/posts\/24565\/revisions"}],"wp:featuredmedia":[{"embeddable":true,"href":"http:\/\/argentinamunicipal.com.ar\/argentina\/wp-json\/wp\/v2\/media\/24566"}],"wp:attachment":[{"href":"http:\/\/argentinamunicipal.com.ar\/argentina\/wp-json\/wp\/v2\/media?parent=24565"}],"wp:term":[{"taxonomy":"category","embeddable":true,"href":"http:\/\/argentinamunicipal.com.ar\/argentina\/wp-json\/wp\/v2\/categories?post=24565"},{"taxonomy":"post_tag","embeddable":true,"href":"http:\/\/argentinamunicipal.com.ar\/argentina\/wp-json\/wp\/v2\/tags?post=24565"}],"curies":[{"name":"wp","href":"https:\/\/api.w.org\/{rel}","templated":true}]}}