{"id":2458,"date":"2014-02-28T08:00:51","date_gmt":"2014-02-28T11:00:51","guid":{"rendered":"http:\/\/argentinamunicipal.com.ar\/argentina\/?p=2458"},"modified":"2014-02-28T11:51:43","modified_gmt":"2014-02-28T14:51:43","slug":"devuelven-plus-a-los-municipales-de-quilmes-que-les-quitaron-hace-10-anos","status":"publish","type":"post","link":"http:\/\/argentinamunicipal.com.ar\/argentina\/devuelven-plus-a-los-municipales-de-quilmes-que-les-quitaron-hace-10-anos\/","title":{"rendered":"Devuelven plus a los municipales de Quilmes que les quitaron hace 10 a\u00f1os"},"content":{"rendered":"<div id=\"attachment_2459\" style=\"width: 394px\" class=\"wp-caption alignright\"><a href=\"http:\/\/argentinamunicipal.com.ar\/argentina\/wp-content\/uploads\/2014\/02\/1393549356D.jpg\"><img loading=\"lazy\" decoding=\"async\" aria-describedby=\"caption-attachment-2459\" class=\" wp-image-2459 \" alt=\"M\u00e9ndez agradeci\u00f3 la decisi\u00f3n del intendente Guti\u00e9rrez\" src=\"http:\/\/argentinamunicipal.com.ar\/argentina\/wp-content\/uploads\/2014\/02\/1393549356D.jpg\" width=\"384\" height=\"288\" srcset=\"http:\/\/argentinamunicipal.com.ar\/argentina\/wp-content\/uploads\/2014\/02\/1393549356D.jpg 640w, http:\/\/argentinamunicipal.com.ar\/argentina\/wp-content\/uploads\/2014\/02\/1393549356D-300x225.jpg 300w\" sizes=\"auto, (max-width: 384px) 100vw, 384px\" \/><\/a><p id=\"caption-attachment-2459\" class=\"wp-caption-text\">M\u00e9ndez agradeci\u00f3 la decisi\u00f3n del intendente Guti\u00e9rrez<\/p><\/div>\n<p>Se firm\u00f3 el decreto por el cual se le devuelve la bonificaci\u00f3n a un grupo de trabajadores del sector recolecci\u00f3n que hab\u00eda sido quitado<\/p>\n<p>Una gran satisfacci\u00f3n se transmit\u00eda ayer entre los integrantes del Sindicato de Trabajadores Municipales de Quilmes, (STMQ) ya que consiguieron la firma del decreto por el cual se le devuelve la bonificaci\u00f3n a un grupo de trabajadores del sector recolecci\u00f3n que hab\u00eda sido quitado durante la gesti\u00f3n de Sergio Villordo cuando era Intendente.<\/p>\n<p>Tras m\u00e1s de una d\u00e9cada de concretarse el reclamo y m\u00e1s de seis de ser sindicalizado el mismo, en la ma\u00f1ana de ayer, el actual Jefe comunal, Francisco Guti\u00e9rrez, firm\u00f3 la documentaci\u00f3n correspondiente para que este beneficio sea restablecido, a partir del primer d\u00eda del pasado mes de enero, y corresponde a mas de 40 empleados comunales, a los cuales se les hab\u00eda quitado arbitrariamente el plus.<\/p>\n<p>De esta manera, los trabajadores municipales est\u00e1n m\u00e1s que agradecidos con el Intendente Guti\u00e9rrez que entendi\u00f3 la necesidad y la injusticia con que se trat\u00f3 a estos empleados en la gesti\u00f3n pasada y procedi\u00f3 a entregar el plus. En tanto que recordaron y repudiaron al actual diputado provincial Sergio Villordo, en su paso al frente de la comuna recordando su \u00abfalta de sensibilidad\u00bb tal cual lo hab\u00eda manifestado con dicha actitud.<\/p>\n<h6>Fuente: El Sol de Quilmes<\/h6>\n","protected":false},"excerpt":{"rendered":"<p>Se firm\u00f3 el decreto por el cual se le devuelve la bonificaci\u00f3n a un grupo de trabajadores del sector recolecci\u00f3n que hab\u00eda sido quitado Una gran satisfacci\u00f3n se transmit\u00eda ayer entre los integrantes del Sindicato de Trabajadores Municipales de Quilmes, (STMQ) ya que consiguieron la firma del decreto por el cual se le devuelve la<\/p>\n","protected":false},"author":1,"featured_media":2459,"comment_status":"closed","ping_status":"closed","sticky":false,"template":"","format":"standard","meta":{"footnotes":""},"categories":[7],"tags":[12],"class_list":["post-2458","post","type-post","status-publish","format-standard","has-post-thumbnail","hentry","category-informe-sindical","tag-buenos-aires"],"_links":{"self":[{"href":"http:\/\/argentinamunicipal.com.ar\/argentina\/wp-json\/wp\/v2\/posts\/2458","targetHints":{"allow":["GET"]}}],"collection":[{"href":"http:\/\/argentinamunicipal.com.ar\/argentina\/wp-json\/wp\/v2\/posts"}],"about":[{"href":"http:\/\/argentinamunicipal.com.ar\/argentina\/wp-json\/wp\/v2\/types\/post"}],"author":[{"embeddable":true,"href":"http:\/\/argentinamunicipal.com.ar\/argentina\/wp-json\/wp\/v2\/users\/1"}],"replies":[{"embeddable":true,"href":"http:\/\/argentinamunicipal.com.ar\/argentina\/wp-json\/wp\/v2\/comments?post=2458"}],"version-history":[{"count":0,"href":"http:\/\/argentinamunicipal.com.ar\/argentina\/wp-json\/wp\/v2\/posts\/2458\/revisions"}],"wp:featuredmedia":[{"embeddable":true,"href":"http:\/\/argentinamunicipal.com.ar\/argentina\/wp-json\/wp\/v2\/media\/2459"}],"wp:attachment":[{"href":"http:\/\/argentinamunicipal.com.ar\/argentina\/wp-json\/wp\/v2\/media?parent=2458"}],"wp:term":[{"taxonomy":"category","embeddable":true,"href":"http:\/\/argentinamunicipal.com.ar\/argentina\/wp-json\/wp\/v2\/categories?post=2458"},{"taxonomy":"post_tag","embeddable":true,"href":"http:\/\/argentinamunicipal.com.ar\/argentina\/wp-json\/wp\/v2\/tags?post=2458"}],"curies":[{"name":"wp","href":"https:\/\/api.w.org\/{rel}","templated":true}]}}