{"id":24594,"date":"2015-02-12T09:03:33","date_gmt":"2015-02-12T12:03:33","guid":{"rendered":"http:\/\/argentinamunicipal.com.ar\/argentina\/?p=24594"},"modified":"2015-04-24T10:31:50","modified_gmt":"2015-04-24T13:31:50","slug":"rafaela-tendra-el-primer-complejo-ambiental-del-pais","status":"publish","type":"post","link":"http:\/\/argentinamunicipal.com.ar\/argentina\/rafaela-tendra-el-primer-complejo-ambiental-del-pais\/","title":{"rendered":"Rafaela tendr\u00e1 el primer Complejo Ambiental del pa\u00eds"},"content":{"rendered":"<p><a href=\"http:\/\/argentinamunicipal.com.ar\/argentina\/wp-content\/uploads\/2015\/02\/DSC_68451.jpg\"><img loading=\"lazy\" decoding=\"async\" class=\"aligncenter  wp-image-24595\" src=\"http:\/\/argentinamunicipal.com.ar\/argentina\/wp-content\/uploads\/2015\/02\/DSC_68451.jpg\" alt=\"DSC_68451\" width=\"655\" height=\"435\" srcset=\"http:\/\/argentinamunicipal.com.ar\/argentina\/wp-content\/uploads\/2015\/02\/DSC_68451.jpg 2144w, http:\/\/argentinamunicipal.com.ar\/argentina\/wp-content\/uploads\/2015\/02\/DSC_68451-300x199.jpg 300w, http:\/\/argentinamunicipal.com.ar\/argentina\/wp-content\/uploads\/2015\/02\/DSC_68451-1024x680.jpg 1024w\" sizes=\"auto, (max-width: 655px) 100vw, 655px\" \/><\/a><br \/>\nYa se est\u00e1n instalando las distintas plantas de tratamiento de desechos org\u00e1nicos, recuperables y especiales y s\u00f3lo queda por definir el proceso de licitaci\u00f3n para la adjudicaci\u00f3n del tratamiento de envases pl\u00e1sticos de todo tipo.<\/p>\n<p>El Complejo Ambiental fue concebido en el marco del programa Rafaela + Sustentable cuyo dise\u00f1o es el fruto del trabajo colectivo, articulado y transversal, de un conjunto de instituciones del sector p\u00fablico y privado, a las que se sumaron organizaciones no gubernamentales y la sociedad rafaelina para lograr la gesti\u00f3n y transformaci\u00f3n de los residuos de manera integral.<\/p>\n<p>Entre 2010 y 2011, no s\u00f3lo se sancion\u00f3 una ordenanza que regula el sistema de gesti\u00f3n de residuos s\u00f3lidos urbanos de toda la ciudad, sino que tambi\u00e9n se repens\u00f3 todo el sistema, bajo la idea de que los residuos pueden convertirse en materias primas de otros procesos productivos, convirtiendo as\u00ed desechos en recursos.<\/p>\n<p>Ubicado en el sector oeste de la ciudad, el predio comenz\u00f3 con un relleno sanitario y tres cooperativas de trabajo que se ocupan de la reclasificaci\u00f3n de residuos reciclables de origen domiciliario.<\/p>\n<p>M\u00e1s tarde, se proyect\u00f3 el Parque Tecnol\u00f3gico del Reciclado de Rafaela (PTRR) para la radicaci\u00f3n de \u201cempresas verdes\u201d con el fin de cerrar el c\u00edrculo para el tratamiento integral de los desechos y, a trav\u00e9s de una ordenanza, se previ\u00f3 la licitaci\u00f3n p\u00fablica y adjudicaci\u00f3n de 8 parcelas a emprendimientos p\u00fablicos, privados o mixtos que tengan como objeto la transformaci\u00f3n y valorizaci\u00f3n de residuos o subproductos.<\/p>\n<p>A la fecha, ya se han adjudicado todos los terrenos y se encuentran en proceso de radicaci\u00f3n las empresas destinadas al reciclaje de aceites minerales usados (Emsade SA), neum\u00e1ticos (Tanex SRL), aceites vegetales y grasa animal (C&amp;T SRL), chatarra y metales en desuso (El Progreso SRL).<\/p>\n<p>Por su parte, el municipio ha comenzado la operaci\u00f3n de la planta de compostage y chipeado para valorizar restos de poda y residuos domiciliarios e industriales no peligrosos, emprendimiento que cuenta con aportes de la C\u00e1mara de supermercados y afines de Rafaela.<\/p>\n<p>Tambi\u00e9n se encuentra en proceso de puesta en marcha la planta de biometano (que transforma los residuos del sector ganadero y la industria l\u00e1ctea en biog\u00e1s, sustituto de GNC vehicular) iniciativa de investigaci\u00f3n y desarrollo p\u00fablico-privada que impulsan el municipio, junto al Inti, Inta, UTN y la empresa Sucesores de Alfredo Williner.<\/p>\n<h3>Envases t\u00f3xicos<\/h3>\n<p>El destino exclusivo de una parcela para el tratamiento y valorizaci\u00f3n de envases pl\u00e1sticos surgi\u00f3, en el a\u00f1o 2010, como consecuencia de la preocupaci\u00f3n por el abandono, el enterramiento, la quema o el procesamiento informal sin descontaminaci\u00f3n de envases de agroqu\u00edmicos debido a que se estima que s\u00f3lo en los campos productivos del departamento Castellanos se desechan m\u00e1s de 700 toneladas al a\u00f1o de envases de agroqu\u00edmicos.<\/p>\n<p>En el marco del Programa de Mejora de la Competitividad Territorial BID Fomin, que llevara la Agencia de Innovaci\u00f3n y Desarrollo de Rafaela (Acdicar), el municipio junto a la Sociedad Rural de Rafaela, la C\u00e1mara de proveedores de insumos agropecuarios (Cepias), el Inta, el grupo interministerial GT4 coordinado por la Secretar\u00eda de Ambiente y el Ministerio de Salud, entre otros actores, se trabaj\u00f3 durante dos a\u00f1os para el dise\u00f1o de un sistema de gesti\u00f3n de envases y sus contenidos residuales que fuera referencia para todo el pa\u00eds.<\/p>\n<p>El sistema propuesto fue inspirado en la experiencia exitosa de Brasil, adonde en el 2014 se ha recuperado el 72% de los envases vac\u00edos gracias a un marco legal adecuado que determina la responsabilidad extendida del fabricante, obligando a la industria a invertir en el tratamiento y reciclado de los envases.<\/p>\n<h6>Fuente: El Litoral, Santa Fe<\/h6>\n","protected":false},"excerpt":{"rendered":"<p>Ya se est\u00e1n instalando las distintas plantas de tratamiento de desechos org\u00e1nicos, recuperables y especiales y s\u00f3lo queda por definir el proceso de licitaci\u00f3n para la adjudicaci\u00f3n del tratamiento de envases pl\u00e1sticos de todo tipo. El Complejo Ambiental fue concebido en el marco del programa Rafaela + Sustentable cuyo dise\u00f1o es el fruto del trabajo<\/p>\n","protected":false},"author":2,"featured_media":24595,"comment_status":"closed","ping_status":"closed","sticky":false,"template":"","format":"standard","meta":{"footnotes":""},"categories":[2],"tags":[10],"class_list":["post-24594","post","type-post","status-publish","format-standard","has-post-thumbnail","hentry","category-informe-municipal","tag-santa-fe"],"_links":{"self":[{"href":"http:\/\/argentinamunicipal.com.ar\/argentina\/wp-json\/wp\/v2\/posts\/24594","targetHints":{"allow":["GET"]}}],"collection":[{"href":"http:\/\/argentinamunicipal.com.ar\/argentina\/wp-json\/wp\/v2\/posts"}],"about":[{"href":"http:\/\/argentinamunicipal.com.ar\/argentina\/wp-json\/wp\/v2\/types\/post"}],"author":[{"embeddable":true,"href":"http:\/\/argentinamunicipal.com.ar\/argentina\/wp-json\/wp\/v2\/users\/2"}],"replies":[{"embeddable":true,"href":"http:\/\/argentinamunicipal.com.ar\/argentina\/wp-json\/wp\/v2\/comments?post=24594"}],"version-history":[{"count":0,"href":"http:\/\/argentinamunicipal.com.ar\/argentina\/wp-json\/wp\/v2\/posts\/24594\/revisions"}],"wp:featuredmedia":[{"embeddable":true,"href":"http:\/\/argentinamunicipal.com.ar\/argentina\/wp-json\/wp\/v2\/media\/24595"}],"wp:attachment":[{"href":"http:\/\/argentinamunicipal.com.ar\/argentina\/wp-json\/wp\/v2\/media?parent=24594"}],"wp:term":[{"taxonomy":"category","embeddable":true,"href":"http:\/\/argentinamunicipal.com.ar\/argentina\/wp-json\/wp\/v2\/categories?post=24594"},{"taxonomy":"post_tag","embeddable":true,"href":"http:\/\/argentinamunicipal.com.ar\/argentina\/wp-json\/wp\/v2\/tags?post=24594"}],"curies":[{"name":"wp","href":"https:\/\/api.w.org\/{rel}","templated":true}]}}