{"id":24597,"date":"2015-02-12T09:08:12","date_gmt":"2015-02-12T12:08:12","guid":{"rendered":"http:\/\/argentinamunicipal.com.ar\/argentina\/?p=24597"},"modified":"2015-02-12T09:08:12","modified_gmt":"2015-02-12T12:08:12","slug":"rosario-tendra-el-primer-mercado-de-emprendedores-sociales","status":"publish","type":"post","link":"http:\/\/argentinamunicipal.com.ar\/argentina\/rosario-tendra-el-primer-mercado-de-emprendedores-sociales\/","title":{"rendered":"Rosario tendr\u00e1 el primer mercado de emprendedores sociales"},"content":{"rendered":"<p><a href=\"http:\/\/argentinamunicipal.com.ar\/argentina\/wp-content\/uploads\/2015\/02\/72120_otras-localidades.jpg\"><img loading=\"lazy\" decoding=\"async\" class=\"alignleft size-full wp-image-24598\" src=\"http:\/\/argentinamunicipal.com.ar\/argentina\/wp-content\/uploads\/2015\/02\/72120_otras-localidades.jpg\" alt=\"72120_otras-localidades\" width=\"544\" height=\"293\" srcset=\"http:\/\/argentinamunicipal.com.ar\/argentina\/wp-content\/uploads\/2015\/02\/72120_otras-localidades.jpg 544w, http:\/\/argentinamunicipal.com.ar\/argentina\/wp-content\/uploads\/2015\/02\/72120_otras-localidades-300x162.jpg 300w\" sizes=\"auto, (max-width: 544px) 100vw, 544px\" \/><\/a>Funcionara a partir de ma\u00f1ana en el galp\u00f3n ubicado en Presidente Roca y el r\u00edo.Se vender\u00e1n alimentos, ropa, juguetes y muebles de la econom\u00eda solidaria.<\/p>\n<p>El galp\u00f3n de Presidente Roca y el r\u00edo se convirti\u00f3 ayer en un gran mercado de la econom\u00eda social y solidaria. Y comenzar\u00e1 a funcionar ma\u00f1ana, de 16 a 21, para continuar todos los viernes, s\u00e1bados, domingos en ese horario.<\/p>\n<p>Alimentos de todo tipo, como frutas y verduras, adem\u00e1s de vinos org\u00e1nicos, yerba, ropa, juguetes, bijouterie, eco bolsas, canastos tobas y muebles se pondr\u00e1n a la venta en un espacio de grandes dimensiones. Una verdadera feria de emprendedores.<\/p>\n<p>El Almac\u00e9n de las Tres Ecolog\u00edas se ocupar\u00e1, adem\u00e1s de la venta, de la exposici\u00f3n y promoci\u00f3n de producciones, tanto tangibles como intangibles y el comercio justo, as\u00ed como de la organizaci\u00f3n de seminarios, talleres, encuentros y ferias relacionados con la tem\u00e1tica. La vigencia del convenio es por 5 a\u00f1os, con opci\u00f3n a 3 a\u00f1os m\u00e1s.<\/p>\n<p>La intendenta M\u00f3nica Fein encabez\u00f3 all\u00ed la firma del acuerdo con los emprendedores para la cesi\u00f3n de uso del galp\u00f3n de la zona de La P\u00e9rgola. De este modo, en este nuevo \u00e1mbito, se vender\u00e1n productos, de modo permanente, de emprendedores que est\u00e1n integrados en las organizaciones firmantes, as\u00ed como de aquellos que pertenecen a cooperativas, f\u00e1bricas recuperadas, emprendimientos asociativos, productores familiares, movimientos sociales, campesinos e ind\u00edgenas, tanto locales como nacionales que se identifican con la econom\u00eda social y solidaria y el comercio justo de la regi\u00f3n y el pa\u00eds. Tambi\u00e9n est\u00e1n afectados los emprendimientos seleccionados por la Subsecretar\u00eda de Econom\u00eda Solidaria de la Municipalidad incluidos en los programas que se desarrollan por iniciativa de esta dependencia, por lo que se promover\u00e1n productos artesanales, hort\u00edcolas y alimentarios.<\/p>\n<p>Las entidades involucradas con la actividad y beneficiadas con este convenio son el Colectivo Almac\u00e9n Ambulante, Cooperativa de Trabajo Encuentro, Asociaci\u00f3n Civil Centro Ecum\u00e9nico Poriajh\u00fa y Cooperativa de Producci\u00f3n, Comercializaci\u00f3n y Consumo Mercado Solidario. Cabe destacar que las mismas forman parte del Espacio Nacional de Econom\u00eda Social y Solidaria y la Red de Comercio Justo del Litoral.<\/p>\n<p>El Almac\u00e9n de las Tres Ecolog\u00edas es un espacio pionero que unifica el trabajo de todas las organizaciones sociales vinculadas a la econom\u00eda social y solidaria y a la Subsecretar\u00eda de Econom\u00eda Solidaria municipal<\/p>\n<h6>Fuente: Sin Mordaza<\/h6>\n","protected":false},"excerpt":{"rendered":"<p>Funcionara a partir de ma\u00f1ana en el galp\u00f3n ubicado en Presidente Roca y el r\u00edo.Se vender\u00e1n alimentos, ropa, juguetes y muebles de la econom\u00eda solidaria. El galp\u00f3n de Presidente Roca y el r\u00edo se convirti\u00f3 ayer en un gran mercado de la econom\u00eda social y solidaria. Y comenzar\u00e1 a funcionar ma\u00f1ana, de 16 a 21,<\/p>\n","protected":false},"author":2,"featured_media":24598,"comment_status":"closed","ping_status":"closed","sticky":false,"template":"","format":"standard","meta":{"footnotes":""},"categories":[2],"tags":[10],"class_list":["post-24597","post","type-post","status-publish","format-standard","has-post-thumbnail","hentry","category-informe-municipal","tag-santa-fe"],"_links":{"self":[{"href":"http:\/\/argentinamunicipal.com.ar\/argentina\/wp-json\/wp\/v2\/posts\/24597","targetHints":{"allow":["GET"]}}],"collection":[{"href":"http:\/\/argentinamunicipal.com.ar\/argentina\/wp-json\/wp\/v2\/posts"}],"about":[{"href":"http:\/\/argentinamunicipal.com.ar\/argentina\/wp-json\/wp\/v2\/types\/post"}],"author":[{"embeddable":true,"href":"http:\/\/argentinamunicipal.com.ar\/argentina\/wp-json\/wp\/v2\/users\/2"}],"replies":[{"embeddable":true,"href":"http:\/\/argentinamunicipal.com.ar\/argentina\/wp-json\/wp\/v2\/comments?post=24597"}],"version-history":[{"count":0,"href":"http:\/\/argentinamunicipal.com.ar\/argentina\/wp-json\/wp\/v2\/posts\/24597\/revisions"}],"wp:featuredmedia":[{"embeddable":true,"href":"http:\/\/argentinamunicipal.com.ar\/argentina\/wp-json\/wp\/v2\/media\/24598"}],"wp:attachment":[{"href":"http:\/\/argentinamunicipal.com.ar\/argentina\/wp-json\/wp\/v2\/media?parent=24597"}],"wp:term":[{"taxonomy":"category","embeddable":true,"href":"http:\/\/argentinamunicipal.com.ar\/argentina\/wp-json\/wp\/v2\/categories?post=24597"},{"taxonomy":"post_tag","embeddable":true,"href":"http:\/\/argentinamunicipal.com.ar\/argentina\/wp-json\/wp\/v2\/tags?post=24597"}],"curies":[{"name":"wp","href":"https:\/\/api.w.org\/{rel}","templated":true}]}}