{"id":24600,"date":"2015-02-12T09:10:17","date_gmt":"2015-02-12T12:10:17","guid":{"rendered":"http:\/\/argentinamunicipal.com.ar\/argentina\/?p=24600"},"modified":"2015-02-12T09:10:17","modified_gmt":"2015-02-12T12:10:17","slug":"la-municipalidad-de-rosario-tomara-acciones-contra-los-trapitos","status":"publish","type":"post","link":"http:\/\/argentinamunicipal.com.ar\/argentina\/la-municipalidad-de-rosario-tomara-acciones-contra-los-trapitos\/","title":{"rendered":"La municipalidad de Rosario tomar\u00e1 acciones contra los \u00abtrapitos\u00bb"},"content":{"rendered":"<p><a href=\"http:\/\/argentinamunicipal.com.ar\/argentina\/wp-content\/uploads\/2015\/02\/108715_interes-general.jpg\"><img loading=\"lazy\" decoding=\"async\" class=\"alignleft size-full wp-image-24601\" src=\"http:\/\/argentinamunicipal.com.ar\/argentina\/wp-content\/uploads\/2015\/02\/108715_interes-general.jpg\" alt=\"108715_interes-general\" width=\"544\" height=\"293\" srcset=\"http:\/\/argentinamunicipal.com.ar\/argentina\/wp-content\/uploads\/2015\/02\/108715_interes-general.jpg 544w, http:\/\/argentinamunicipal.com.ar\/argentina\/wp-content\/uploads\/2015\/02\/108715_interes-general-300x162.jpg 300w\" sizes=\"auto, (max-width: 544px) 100vw, 544px\" \/><\/a>Lo dijo el secretario de Gobierno de la Municipalidad, Fernando Asegurado, quien le pidi\u00f3 a los vecinos que denuncien, a trav\u00e9s del 911 y el 0800 de la GUM, la extorsi\u00f3n de los cuidacoches.<\/p>\n<p>El secretario de Gobierno municipal, Fernando Asegurado, afirm\u00f3 que la cuesti\u00f3n de los cuidacoches, que esta semana gener\u00f3 una pol\u00e9mica a partir de las cr\u00edticas que lanz\u00f3 a la administraci\u00f3n municipal el concejal Roy L\u00f3pez Molina, es una preocupaci\u00f3n permanente de la intendencia que se incorpor\u00f3, ante los reiterados hechos de violencia, a la agenda de las \u00e1reas de seguridad y de control.<\/p>\n<p>\u00abEn relaci\u00f3n con el estacionamiento medido, no tiene porqu\u00e9 haber personas en contacto con los veh\u00edculos\u00bb, explic\u00f3 Asegurado, en referencia al \u00e1rea de estacionamiento medido, y a\u00f1adi\u00f3: \u00abEs una primera gran zona en la que por ordenanza del Concejo Municipal y con consenso con el Departamento Ejecutivo defini\u00f3 que hay una tarifa para estacionar no tiene porqu\u00e9 otra persona realizar otro tipo de tarea\u00bb.<\/p>\n<p>Asimismo, indic\u00f3 que \u00absalvo en lugares particulares, como la zona de la La Florida, que tiene una historia de funcionamiento de cooperativas y con una tarifa, en el resto, por m\u00e1s que uno no quisiera que eso existiera, pero es parte de la realidad argentina, la contribuci\u00f3n tiene que ser exclusivamente voluntaria\u00bb.<\/p>\n<p>\u00abY d\u00f3nde hay situaciones de violencia, de extorsi\u00f3n, de dificultades, lo hemos conversado con el ministro de Seguridad (Ra\u00fal Lamberto), queremos que sean los vecinos, a trav\u00e9s del 911 o del 0800 de la<br \/>\nGUM, los que realicen la denuncia y, como hemos hecho en las \u00faltimas semanas, queremos llegar con la fuerzas de control o de seguridad para evitar que los vecinos sufran ese mal momento\u00bb, enfatiz\u00f3 Asegurado.<\/p>\n<p>En ese sentido, detall\u00f3: \u00abQueremos separar de qui\u00e9nes desde hace muchos a\u00f1os realizan una tarea, en la calle, con dificultades, de un n\u00famero muy importante de personas, que en el \u00faltimo tiempo ha crecido en todas las grandes ciudades, son responsables de esta situaci\u00f3n que se torna extorsiva, violenta, y queremos llegar con quien corresponde, que es la fuerza de seguridad o de control\u00bb<\/p>\n<p>\u00abTambi\u00e9n aspiramos a que en algunos lugares puntuales, como es Pellegrini en la zona de Sarmiento y San Mart\u00edn, la zona de La Fluvial y en Pichincha, tambi\u00e9n en el Parque Espa\u00f1a, donde se dan situaciones de este tipo poder actuar con las fuerzas de seguridad y control y si es necesario tambi\u00e9n con la denuncia en la Justicia\u00bb, se\u00f1al\u00f3 Asegurado a LT3.<\/p>\n<p>Finalmente, dispar\u00f3: \u00abQuien comete un delito, una situaci\u00f3n extorsiva, hoy hay maneras para revertirlo, hoy todos debemos asumir esa responsabilidad. Si hay un vecino que est\u00e1 pasando por un mal momento hay que llegar con las fuerzas de seguridad y de control\u00bb.<\/p>\n<h6>Fuente: Sin Mordaza<\/h6>\n","protected":false},"excerpt":{"rendered":"<p>Lo dijo el secretario de Gobierno de la Municipalidad, Fernando Asegurado, quien le pidi\u00f3 a los vecinos que denuncien, a trav\u00e9s del 911 y el 0800 de la GUM, la extorsi\u00f3n de los cuidacoches. El secretario de Gobierno municipal, Fernando Asegurado, afirm\u00f3 que la cuesti\u00f3n de los cuidacoches, que esta semana gener\u00f3 una pol\u00e9mica a<\/p>\n","protected":false},"author":2,"featured_media":24601,"comment_status":"closed","ping_status":"closed","sticky":false,"template":"","format":"standard","meta":{"footnotes":""},"categories":[2],"tags":[10],"class_list":["post-24600","post","type-post","status-publish","format-standard","has-post-thumbnail","hentry","category-informe-municipal","tag-santa-fe"],"_links":{"self":[{"href":"http:\/\/argentinamunicipal.com.ar\/argentina\/wp-json\/wp\/v2\/posts\/24600","targetHints":{"allow":["GET"]}}],"collection":[{"href":"http:\/\/argentinamunicipal.com.ar\/argentina\/wp-json\/wp\/v2\/posts"}],"about":[{"href":"http:\/\/argentinamunicipal.com.ar\/argentina\/wp-json\/wp\/v2\/types\/post"}],"author":[{"embeddable":true,"href":"http:\/\/argentinamunicipal.com.ar\/argentina\/wp-json\/wp\/v2\/users\/2"}],"replies":[{"embeddable":true,"href":"http:\/\/argentinamunicipal.com.ar\/argentina\/wp-json\/wp\/v2\/comments?post=24600"}],"version-history":[{"count":0,"href":"http:\/\/argentinamunicipal.com.ar\/argentina\/wp-json\/wp\/v2\/posts\/24600\/revisions"}],"wp:featuredmedia":[{"embeddable":true,"href":"http:\/\/argentinamunicipal.com.ar\/argentina\/wp-json\/wp\/v2\/media\/24601"}],"wp:attachment":[{"href":"http:\/\/argentinamunicipal.com.ar\/argentina\/wp-json\/wp\/v2\/media?parent=24600"}],"wp:term":[{"taxonomy":"category","embeddable":true,"href":"http:\/\/argentinamunicipal.com.ar\/argentina\/wp-json\/wp\/v2\/categories?post=24600"},{"taxonomy":"post_tag","embeddable":true,"href":"http:\/\/argentinamunicipal.com.ar\/argentina\/wp-json\/wp\/v2\/tags?post=24600"}],"curies":[{"name":"wp","href":"https:\/\/api.w.org\/{rel}","templated":true}]}}