{"id":24603,"date":"2015-02-12T08:10:29","date_gmt":"2015-02-12T11:10:29","guid":{"rendered":"http:\/\/argentinamunicipal.com.ar\/argentina\/?p=24603"},"modified":"2015-02-12T09:12:48","modified_gmt":"2015-02-12T12:12:48","slug":"jerarquizados-de-parana-esperaran-hasta-el-15-de-febrero-un-llamado-mesa-paritaria","status":"publish","type":"post","link":"http:\/\/argentinamunicipal.com.ar\/argentina\/jerarquizados-de-parana-esperaran-hasta-el-15-de-febrero-un-llamado-mesa-paritaria\/","title":{"rendered":"Jerarquizados de Paran\u00e1 esperar\u00e1n hasta el 15 de febrero un llamado a mesa paritaria"},"content":{"rendered":"<p><a href=\"http:\/\/argentinamunicipal.com.ar\/argentina\/wp-content\/uploads\/2015\/02\/apfdigital_247138_tapa_1122015_185352.jpg\"><img loading=\"lazy\" decoding=\"async\" class=\"aligncenter size-full wp-image-24604\" src=\"http:\/\/argentinamunicipal.com.ar\/argentina\/wp-content\/uploads\/2015\/02\/apfdigital_247138_tapa_1122015_185352.jpg\" alt=\"apfdigital_247138_tapa_1122015_185352\" width=\"480\" height=\"360\" srcset=\"http:\/\/argentinamunicipal.com.ar\/argentina\/wp-content\/uploads\/2015\/02\/apfdigital_247138_tapa_1122015_185352.jpg 480w, http:\/\/argentinamunicipal.com.ar\/argentina\/wp-content\/uploads\/2015\/02\/apfdigital_247138_tapa_1122015_185352-300x225.jpg 300w\" sizes=\"auto, (max-width: 480px) 100vw, 480px\" \/><\/a><\/p>\n<p>Trabajadores jerarquizados de la Municipalidad de Paran\u00e1 presentar\u00e1n este jueves un pedido formal para que las autoridades convoquen a mesa paritaria, tal como hab\u00edan acordado en diciembre pasado \u00b7 Fijaron como tope del llamado el 15 de febrero, pero si no tienen respuestas se reunir\u00e1n para definir los pasos a seguir, seg\u00fan dijo a APFDigital el secretario General de la Asociaci\u00f3n del Personal Superior (APS), Fabi\u00e1n Carbajal<\/p>\n<p>\u201cEste jueves presentaremos una nota en Mesa de Entradas, si bien ya lo hicimos verbalmente, para solicitar una reuni\u00f3n de mesa paritaria, en base a lo que ya se hab\u00eda conversado en el mes de diciembre\u201d, indic\u00f3 Carbajal.<\/p>\n<p>Seg\u00fan a\u00f1adi\u00f3, el l\u00edmite que la APS se ha planteado es el 15 de febrero: \u201cEn base a lo que nos contesten o si no tenemos ning\u00fan tipo de respuesta, entonces nos reuniremos con el cuerpo de delegados y al Comisi\u00f3n Directiva para determinar los pasos a seguir\u201d, finaliz\u00f3 en di\u00e1logo con esta Agencia.<\/p>\n<h6>Fuente: APF Digital<\/h6>\n","protected":false},"excerpt":{"rendered":"<p>Trabajadores jerarquizados de la Municipalidad de Paran\u00e1 presentar\u00e1n este jueves un pedido formal para que las autoridades convoquen a mesa paritaria, tal como hab\u00edan acordado en diciembre pasado \u00b7 Fijaron como tope del llamado el 15 de febrero, pero si no tienen respuestas se reunir\u00e1n para definir los pasos a seguir, seg\u00fan dijo a APFDigital<\/p>\n","protected":false},"author":2,"featured_media":24604,"comment_status":"closed","ping_status":"closed","sticky":false,"template":"","format":"standard","meta":{"footnotes":""},"categories":[7],"tags":[17],"class_list":["post-24603","post","type-post","status-publish","format-standard","has-post-thumbnail","hentry","category-informe-sindical","tag-entre-rios"],"_links":{"self":[{"href":"http:\/\/argentinamunicipal.com.ar\/argentina\/wp-json\/wp\/v2\/posts\/24603","targetHints":{"allow":["GET"]}}],"collection":[{"href":"http:\/\/argentinamunicipal.com.ar\/argentina\/wp-json\/wp\/v2\/posts"}],"about":[{"href":"http:\/\/argentinamunicipal.com.ar\/argentina\/wp-json\/wp\/v2\/types\/post"}],"author":[{"embeddable":true,"href":"http:\/\/argentinamunicipal.com.ar\/argentina\/wp-json\/wp\/v2\/users\/2"}],"replies":[{"embeddable":true,"href":"http:\/\/argentinamunicipal.com.ar\/argentina\/wp-json\/wp\/v2\/comments?post=24603"}],"version-history":[{"count":0,"href":"http:\/\/argentinamunicipal.com.ar\/argentina\/wp-json\/wp\/v2\/posts\/24603\/revisions"}],"wp:featuredmedia":[{"embeddable":true,"href":"http:\/\/argentinamunicipal.com.ar\/argentina\/wp-json\/wp\/v2\/media\/24604"}],"wp:attachment":[{"href":"http:\/\/argentinamunicipal.com.ar\/argentina\/wp-json\/wp\/v2\/media?parent=24603"}],"wp:term":[{"taxonomy":"category","embeddable":true,"href":"http:\/\/argentinamunicipal.com.ar\/argentina\/wp-json\/wp\/v2\/categories?post=24603"},{"taxonomy":"post_tag","embeddable":true,"href":"http:\/\/argentinamunicipal.com.ar\/argentina\/wp-json\/wp\/v2\/tags?post=24603"}],"curies":[{"name":"wp","href":"https:\/\/api.w.org\/{rel}","templated":true}]}}