{"id":24606,"date":"2015-02-12T09:18:47","date_gmt":"2015-02-12T12:18:47","guid":{"rendered":"http:\/\/argentinamunicipal.com.ar\/argentina\/?p=24606"},"modified":"2015-02-12T09:18:47","modified_gmt":"2015-02-12T12:18:47","slug":"chubut-destacan-la-generacion-de-empleo-que-tendra-el-parque-eolico-el-angelito","status":"publish","type":"post","link":"http:\/\/argentinamunicipal.com.ar\/argentina\/chubut-destacan-la-generacion-de-empleo-que-tendra-el-parque-eolico-el-angelito\/","title":{"rendered":"Chubut: Destacan la generaci\u00f3n de empleo que tendr\u00e1 el parque e\u00f3lico \u201cEl Angelito\u201d"},"content":{"rendered":"<p><a href=\"http:\/\/argentinamunicipal.com.ar\/argentina\/wp-content\/uploads\/2015\/02\/parque-eolico.jpg\"><img loading=\"lazy\" decoding=\"async\" class=\"aligncenter  wp-image-24607\" src=\"http:\/\/argentinamunicipal.com.ar\/argentina\/wp-content\/uploads\/2015\/02\/parque-eolico.jpg\" alt=\"parque-eolico\" width=\"657\" height=\"488\" srcset=\"http:\/\/argentinamunicipal.com.ar\/argentina\/wp-content\/uploads\/2015\/02\/parque-eolico.jpg 1439w, http:\/\/argentinamunicipal.com.ar\/argentina\/wp-content\/uploads\/2015\/02\/parque-eolico-300x223.jpg 300w, http:\/\/argentinamunicipal.com.ar\/argentina\/wp-content\/uploads\/2015\/02\/parque-eolico-1024x761.jpg 1024w\" sizes=\"auto, (max-width: 657px) 100vw, 657px\" \/><\/a><br \/>\nEl gobernador Mart\u00edn Buzzi fue recibido ayer en Buenos Aires por el ministro de Planificaci\u00f3n Federal de la Naci\u00f3n, Julio De Vido, quien le brind\u00f3 detalles sobre los acuerdos rubricados por el Gobierno Nacional con China para la construcci\u00f3n de un parque e\u00f3lico en la zona de la Meseta Central, con una inversi\u00f3n de 435 millones de d\u00f3lares.<\/p>\n<p>\u201cLa construcci\u00f3n del parque e\u00f3lico El Angelito alienta mucho al sector metalmec\u00e1nico de nuestra regi\u00f3n, porque el acuerdo contempla que se trabaje con empresas locales\u201d, explic\u00f3 el ministro de Infraestructura, Maximiliano L\u00f3pez, quien acompa\u00f1\u00f3 a Buzzi durante el encuentro. L\u00f3pez valor\u00f3 que \u201cla generaci\u00f3n de empleos es algo muy importante, y que tengamos m\u00e1s y mayor energ\u00eda est\u00e1 poniendo a la provincia en un nivel superior que nos permite seguir planificando el crecimiento de manera ordenada\u201d.<\/p>\n<p>El funcionario calific\u00f3 de \u201cimportant\u00edsimo\u201d al proyecto acordado con el gobierno chino, \u201cporque va a generar 200 megas m\u00e1s de energ\u00eda a nuestro sistema y nos va a permitir mejorar y ahorrar m\u00e1s de 15 millones de pesos anuales en materia de combustibles. Esto nos permitir\u00e1 salir de la generaci\u00f3n aislada, sobre todo en la parte de la Meseta, que haya emprendimientos productivos, y que podamos mejorar el sistema de conectividad que hoy tenemos\u201d.<\/p>\n<p>L\u00f3pez indic\u00f3 tambi\u00e9n que \u201cel proyecto completo tiene una inversi\u00f3n de 435 millones de d\u00f3lares, se trata de una de las obras m\u00e1s importantes de energ\u00eda e\u00f3lica que posiciona a Chubut dentro del primer lugar de generaci\u00f3n de energ\u00eda limpia y sustentable, y viene acompa\u00f1ando a los otros parques e\u00f3licos que ya est\u00e1n en pleno desarrollo en la provincia\u201d, y puntualiz\u00f3 que \u201cla obra completa tiene una duraci\u00f3n de dos a\u00f1os\u201d.<\/p>\n<p>\u201cEs todo un logro esta gesti\u00f3n que ha hecho el gobernador Mart\u00edn Buzzi, para que el proyecto del parque e\u00f3lico fuese priorizado dentro de un conjunto de obras importantes a nivel nacional, y que el financiamiento que se consigui\u00f3 a trav\u00e9s de China hoy pueda plasmarse en algo concreto que es el pronto inicio de esta obra\u201d, manifest\u00f3, recordando que \u201ces un proyecto que debe tener cerca de 15 a\u00f1os y gracias a Buzzi que se pone la gesti\u00f3n al hombro, se pudo priorizar y hoy es una realidad\u201d.<\/p>\n<h3>Estar\u00e1 en El Escorial<\/h3>\n<p>Cabe recordar que en el marco de la reciente visita oficial de la presidenta Cristina Fern\u00e1ndez de Kirchner a China, el ministro de Planificaci\u00f3n Federal, Julio De Vido, encabez\u00f3 la firma de siete acuerdos que se sumaron a los suscriptos en el encuentro bilateral de la mandataria con su par, Xi Jinping, relacionados con cooperaci\u00f3n en materia aeroespacial y miner\u00eda, y un convenio para el emprendimiento de energ\u00eda e\u00f3lica El Angelito, en la provincia de Chubut.<\/p>\n<p>En este \u00faltimo caso se trata de un acuerdo con el gigante chino Sinowind, para desarrollar el \u00e1rea de energ\u00eda e\u00f3lica El Angelito, cuyo proyecto consiste en la construcci\u00f3n, instalaci\u00f3n y montaje de un parque e\u00f3lico de 200 MW., donde se instalar\u00e1n entre 80 y 100 aerogeneradores de una capacidad nominal estimada en 2 MW cada uno, ubicados en la ruta provincial N\u00ba 58 a 8 Km. del paraje el Escorial del Departamento Gastre.<\/p>\n<p>Se conectar\u00e1 al Sistema Argentino de Interconexi\u00f3n (SADI) a trav\u00e9s del subsistema de transporte de energ\u00eda el\u00e9ctrica en la l\u00ednea de 330 kV Futaleuf\u00fa-Puerto Madryn, a 296 kil\u00f3metros de la estaci\u00f3n transformadora Puerto Madryn y a 254 kil\u00f3metros de la estaci\u00f3n transformadora Central Hidroel\u00e9ctrica Futaleuf\u00fa. Y ese desarrollo e inversi\u00f3n estar\u00e1 a cargo de capitales chinos.<\/p>\n<h3>En qu\u00e9 consiste<\/h3>\n<p>La elecci\u00f3n del lugar se hace a partir de la calidad de los vientos registrados en la zona. La medici\u00f3n del recurso e\u00f3lico fue realizada durante dos a\u00f1os para determinar, producci\u00f3n, la calidad y tipo de generadores a instalar y la distribuci\u00f3n en el sitio. Se montaron para \u00e9ste diagn\u00f3stico de calidad, dos torres de medici\u00f3n en el lugar que registraron simult\u00e1neamente los datos del viento a 40 y a 66 metros de altura.<\/p>\n<p>Se contempla adem\u00e1s la construcci\u00f3n de la ET (Estaci\u00f3n de Transformaci\u00f3n) \u201cEl Escorial\u201d con dos (2) transformadores de 305 MVA de 330\/33 kV m\u00e1s un (1) reactor de barra maniobrable de 50 MVAr.<\/p>\n<h3>Desarrollo de la meseta<\/h3>\n<p>Es un proyecto que no solo permitir\u00e1 inyectar la electricidad producida al Sistema de Interconectado Patag\u00f3nico, llegando por la l\u00ednea de 330 kV Futaleuf\u00fa \u2013 Puerto Madryn, sino que particularmente con el desarrollo de este proyecto de la estaci\u00f3n transformadora, se concretar\u00eda el abastecimiento de energ\u00eda el\u00e9ctrica por interconectado entre localidades de la Meseta Central. Actualmente el servicio se realiza por generaci\u00f3n aislada mediante el uso de grupos electr\u00f3genos alimentados con Gasoil, permitiendo un sustancial ahorro de combustible y disminuci\u00f3n de los altos costos de mantenimiento que insumen las centrales T\u00e9rmicas Diesel.<\/p>\n<p>La poblaci\u00f3n se vera beneficiada adem\u00e1s con telefon\u00eda, inexistente en la actualidad, ya que necesidades t\u00e9cnicas del proyecto hace que sea necesario la configuraci\u00f3n de un sistema de comunicaci\u00f3n.<\/p>\n<p>En tanto, en la etapa de construcci\u00f3n que demandar\u00eda unos dos a\u00f1os se prev\u00e9 un alto nivel de generaci\u00f3n de mano de obra en las localidades de la meseta, pero tambi\u00e9n tendr\u00e1n su impacto laboral en ciudades como Puerto Madryn por su proximidad.<\/p>\n<p>Al lugar del emplazamiento, que contempla la utilizaci\u00f3n de 3.984 hect\u00e1reas aproximadamente, se podr\u00e1 acceder desde Puerto Madryn por las rutas provinciales N\u00ba 4, N\u00ba 61 y N\u00ba 58, desde Trelew por las rutas provinciales N\u00ba40 y N\u00ba 59, o bien desde Comodoro Rivadavia por la N\u00ba 25 y despu\u00e9s tomar por la ruta N\u00ba 59<\/p>\n<p>La construcci\u00f3n, instalaci\u00f3n montaje y mantenimiento del parque contempla la contrataci\u00f3n de mano de obra local, y a futuro se podr\u00e1n desarrollar proyectos productivos imposibles de realizar por falta del servicio el\u00e9ctrico. Y, aqu\u00ed se inscribe otro paso en la posibilidad de cimentar el desarrollo de actividades extractivas como la miner\u00eda en esa regi\u00f3n que la sacar\u00eda de a\u00f1os de postergaci\u00f3n.<\/p>\n<h6>Fuente: El Diario de Madryn<\/h6>\n","protected":false},"excerpt":{"rendered":"<p>El gobernador Mart\u00edn Buzzi fue recibido ayer en Buenos Aires por el ministro de Planificaci\u00f3n Federal de la Naci\u00f3n, Julio De Vido, quien le brind\u00f3 detalles sobre los acuerdos rubricados por el Gobierno Nacional con China para la construcci\u00f3n de un parque e\u00f3lico en la zona de la Meseta Central, con una inversi\u00f3n de 435<\/p>\n","protected":false},"author":2,"featured_media":24607,"comment_status":"closed","ping_status":"closed","sticky":false,"template":"","format":"standard","meta":{"footnotes":""},"categories":[2],"tags":[14],"class_list":["post-24606","post","type-post","status-publish","format-standard","has-post-thumbnail","hentry","category-informe-municipal","tag-chubut"],"_links":{"self":[{"href":"http:\/\/argentinamunicipal.com.ar\/argentina\/wp-json\/wp\/v2\/posts\/24606","targetHints":{"allow":["GET"]}}],"collection":[{"href":"http:\/\/argentinamunicipal.com.ar\/argentina\/wp-json\/wp\/v2\/posts"}],"about":[{"href":"http:\/\/argentinamunicipal.com.ar\/argentina\/wp-json\/wp\/v2\/types\/post"}],"author":[{"embeddable":true,"href":"http:\/\/argentinamunicipal.com.ar\/argentina\/wp-json\/wp\/v2\/users\/2"}],"replies":[{"embeddable":true,"href":"http:\/\/argentinamunicipal.com.ar\/argentina\/wp-json\/wp\/v2\/comments?post=24606"}],"version-history":[{"count":0,"href":"http:\/\/argentinamunicipal.com.ar\/argentina\/wp-json\/wp\/v2\/posts\/24606\/revisions"}],"wp:featuredmedia":[{"embeddable":true,"href":"http:\/\/argentinamunicipal.com.ar\/argentina\/wp-json\/wp\/v2\/media\/24607"}],"wp:attachment":[{"href":"http:\/\/argentinamunicipal.com.ar\/argentina\/wp-json\/wp\/v2\/media?parent=24606"}],"wp:term":[{"taxonomy":"category","embeddable":true,"href":"http:\/\/argentinamunicipal.com.ar\/argentina\/wp-json\/wp\/v2\/categories?post=24606"},{"taxonomy":"post_tag","embeddable":true,"href":"http:\/\/argentinamunicipal.com.ar\/argentina\/wp-json\/wp\/v2\/tags?post=24606"}],"curies":[{"name":"wp","href":"https:\/\/api.w.org\/{rel}","templated":true}]}}