{"id":24609,"date":"2015-02-12T09:22:20","date_gmt":"2015-02-12T12:22:20","guid":{"rendered":"http:\/\/argentinamunicipal.com.ar\/argentina\/?p=24609"},"modified":"2015-02-12T09:22:20","modified_gmt":"2015-02-12T12:22:20","slug":"obama-pide-venia-para-lanzar-guerra-contra-el-estado-islamico","status":"publish","type":"post","link":"http:\/\/argentinamunicipal.com.ar\/argentina\/obama-pide-venia-para-lanzar-guerra-contra-el-estado-islamico\/","title":{"rendered":"Obama pide venia para lanzar guerra contra el Estado Isl\u00e1mico"},"content":{"rendered":"<p><a href=\"http:\/\/argentinamunicipal.com.ar\/argentina\/wp-content\/uploads\/2015\/02\/0000430050.jpg\"><img loading=\"lazy\" decoding=\"async\" class=\"aligncenter  wp-image-24610\" src=\"http:\/\/argentinamunicipal.com.ar\/argentina\/wp-content\/uploads\/2015\/02\/0000430050.jpg\" alt=\"0000430050\" width=\"755\" height=\"511\" srcset=\"http:\/\/argentinamunicipal.com.ar\/argentina\/wp-content\/uploads\/2015\/02\/0000430050.jpg 912w, http:\/\/argentinamunicipal.com.ar\/argentina\/wp-content\/uploads\/2015\/02\/0000430050-300x203.jpg 300w\" sizes=\"auto, (max-width: 755px) 100vw, 755px\" \/><\/a><br \/>\nEl mandatario estadounidense quiere combatir durante tres a\u00f1os a los yihadistas. Asegur\u00f3 que no ser\u00e1 \u201cotra guerra en tierra\u201d, como Irak o Afganist\u00e1n.<\/p>\n<p>Washington. El presidente estadounidense, Barack Obama, solicit\u00f3 ayer al Congreso norteamericano autorizaci\u00f3n para combatir al Estado Isl\u00e1mico (EI) por un per\u00edodo de tres a\u00f1os y afirm\u00f3 que esta campa\u00f1a \u201cno es una autorizaci\u00f3n de otra guerra en tierra\u201d como lo fue Irak o Afganist\u00e1n.<\/p>\n<p>Obama se\u00f1al\u00f3, en declaraciones a la prensa sobre su pedido de poderes de guerra para atacar al grupo yihadista en Medio Oriente, que la resoluci\u00f3n enviada al Capitolio \u201cno requiere el despliegue de fuerzas de combate en tierra en Irak o Siria\u201d.<\/p>\n<p>La autorizaci\u00f3n s\u00ed tendr\u00e1, no obstante, flexibilidad para conducir operaciones de combates en tierra en otras \u201ccircunstancias m\u00e1s limitadas\u201d, como las de rescate de personal estadounidense o de la coalici\u00f3n aliada, o el uso de fuerzas especiales para acciones militares contra jefes del EI, detall\u00f3 el l\u00edder de la Casa Blanca en una carta enviada al Congreso.<\/p>\n<p>El proyecto deroga a su vez \u201cla autorizaci\u00f3n de 2002 para uso de fuerza para invadir Irak\u201d, explic\u00f3. Ese a\u00f1o, el entonces presidente George W. Bush fue autorizado a usar la fuerza para atacar Irak luego de los ataques a las Torres Gemelas en septiembre de 2001, lo que convierte a Obama en el primer presidente estadounidense en realizar el pedido de autorizaci\u00f3n de combate militar en los \u00faltimos 13 a\u00f1os.<\/p>\n<p>El jefe de Estado hizo p\u00fablico el anuncio acompa\u00f1ado por su vice, Joe Biden; el secretario de Estado, John Kerry, y el secretario de Defensa, Chuck Hagel, desde la Casa Blanca. All\u00ed afirm\u00f3: \u201cCon grupos violentos como este s\u00f3lo hay una opci\u00f3n: con nuestros aliados y socios vamos a degradar y en \u00faltima instancia destruir a este grupo\u201d.<\/p>\n<p>Obama record\u00f3 en ese sentido que hasta el momento \u201cm\u00e1s de dos mil ataques a\u00e9reos de la coalici\u00f3n golpearon a los terroristas\u201d. \u201cNuestra coalici\u00f3n est\u00e1 en la ofensiva, y el EI est\u00e1 a la defensiva y va a perder\u201d, asever\u00f3 el l\u00edder norteamericano al solicitarle al Congreso el apoyo para lograr una aprobaci\u00f3n bipartidaria de la legislaci\u00f3n.<\/p>\n<p>Detall\u00f3 que la resoluci\u00f3n que ser\u00e1 debatida en el Congreso en una audiencia que tendr\u00e1 lugar en los pr\u00f3ximos d\u00edas, comprender\u00e1 \u201capoyo y formaci\u00f3n para las fuerzas locales, incluyendo a la oposici\u00f3n siria moderada\u201d as\u00ed como \u201casistencia humanitaria para los civiles inocentes\u201d de Irak y Siria.<\/p>\n<h3>Contrapuntos<\/h3>\n<p>La propuesta tuvo buena acogida entre los presidentes de los comit\u00e9s de relaciones exteriores de las dos c\u00e1maras del legislativo, ambos republicanos. All\u00ed tendr\u00e1 que debatirse y votar la legislaci\u00f3n.<\/p>\n<p>Sin embargo, para el presidente de la C\u00e1mara de Representantes, John Boehner, es insuficiente.<\/p>\n<p>\u201cSi queremos derrotar a este enemigo, necesitamos una estrategia militar amplia y una autorizaci\u00f3n robusta, no una que limita nuestras opciones\u201d, se\u00f1al\u00f3 en un comunicado el representante republicano.<\/p>\n<p>El portavoz de la Casa Blanca dijo entender que puede haber a\u00fan discrepancias, pero la propuesta es \u201cun punto de inicio\u201d, resultado de \u201cconversaciones exhaustivas\u201d en el Capitolio entre miembros del Consejo de Seguridad del presidente y congresistas, tanto dem\u00f3cratas como republicanos.<\/p>\n<p>Hasta ahora, para desplegar sus ataques contra el EI, el gobierno de Obama se bas\u00f3 en una \u201cautorizaci\u00f3n para el uso de la fuerza militar\u201d (AUMF, por su sigla en ingl\u00e9s) de 2001 y en otra norma de 2002 para Irak que Bush us\u00f3 para atacar a terroristas en el extranjero.<\/p>\n<p>No obstante, Obama asegur\u00f3 en noviembre que prefer\u00eda que el Congreso aprobara una base legal espec\u00edfica para la ofensiva contra el EI que comenz\u00f3 en agosto. Durante tres meses, la Casa Blanca mantuvo contactos con los legisladores para redactar un texto.<\/p>\n<p>Obama inst\u00f3 al Congreso en una carta que acompa\u00f1a la propuesta a que apruebe esta legislaci\u00f3n por la \u201camenaza que supone el EI\u201d para la estabilidad en Irak, Siria y el resto de Medio Oriente, as\u00ed como para la seguridad de Estados Unidos.<\/p>\n<h3>Pedido de profesores<\/h3>\n<p>La propuesta de Obama deroga la autorizaci\u00f3n militar de 2002 espec\u00edfica para Irak, pero no la aprobada en 2001, poco despu\u00e9s de los atentados del 11-S, y que permite a Estados Unidos lanzar ataques a\u00e9reos contra redes terroristas en el extranjero, en t\u00e9rminos generales.<\/p>\n<p>Un grupo de profesores de derecho de las universidades norteamericanas m\u00e1s prestigiosas hab\u00eda pedido en una carta al mandatario que, cuando enviara su propuesta de base legal para la ofensiva contra el EI, acabara con \u201cla autorizaci\u00f3n del uso de la fuerza m\u00e1s larga de la historia\u201d, que seg\u00fan su opini\u00f3n est\u00e1 redactada en t\u00e9rminos muy amplios.<\/p>\n<p>No obstante, en la carta enviada a los congresistas, Obama consider\u00f3 necesario \u201cajustar la base legal de las autorizaciones de guerra\u201d aprobadas por el poder Legislativo a campa\u00f1as militares espec\u00edficas y se\u00f1al\u00f3 su voluntad de trabajar con el Congreso para \u201crefinar y en \u00faltimo t\u00e9rmino derogar\u201d la autorizaci\u00f3n de 2001.<\/p>\n<h3>Retirada de Afganist\u00e1n<\/h3>\n<p>El diario The Washington Post asegur\u00f3 que Obama est\u00e1 considerando una revisi\u00f3n del plan de retirada de Afganist\u00e1n para ralentizar la salida de tropas por la constante amenaza de los talibanes. La Casa Blanca podr\u00eda anunciar los cambios antes de que en marzo visite Washington el presidente afgano, Ashraf Ghani, quien pidi\u00f3 a Estados Unidos reexaminar su salida militar. Seg\u00fan el plan actual, en diciembre deber\u00edan quedar en Afganist\u00e1n s\u00f3lo 5.500 soldados de la coalici\u00f3n.<\/p>\n<h6>Fuente: La Voz del Interior<\/h6>\n","protected":false},"excerpt":{"rendered":"<p>El mandatario estadounidense quiere combatir durante tres a\u00f1os a los yihadistas. Asegur\u00f3 que no ser\u00e1 \u201cotra guerra en tierra\u201d, como Irak o Afganist\u00e1n. Washington. El presidente estadounidense, Barack Obama, solicit\u00f3 ayer al Congreso norteamericano autorizaci\u00f3n para combatir al Estado Isl\u00e1mico (EI) por un per\u00edodo de tres a\u00f1os y afirm\u00f3 que esta campa\u00f1a \u201cno es una<\/p>\n","protected":false},"author":2,"featured_media":24610,"comment_status":"closed","ping_status":"closed","sticky":false,"template":"","format":"standard","meta":{"footnotes":""},"categories":[22],"tags":[57],"class_list":["post-24609","post","type-post","status-publish","format-standard","has-post-thumbnail","hentry","category-el-mundo","tag-el-mundo"],"_links":{"self":[{"href":"http:\/\/argentinamunicipal.com.ar\/argentina\/wp-json\/wp\/v2\/posts\/24609","targetHints":{"allow":["GET"]}}],"collection":[{"href":"http:\/\/argentinamunicipal.com.ar\/argentina\/wp-json\/wp\/v2\/posts"}],"about":[{"href":"http:\/\/argentinamunicipal.com.ar\/argentina\/wp-json\/wp\/v2\/types\/post"}],"author":[{"embeddable":true,"href":"http:\/\/argentinamunicipal.com.ar\/argentina\/wp-json\/wp\/v2\/users\/2"}],"replies":[{"embeddable":true,"href":"http:\/\/argentinamunicipal.com.ar\/argentina\/wp-json\/wp\/v2\/comments?post=24609"}],"version-history":[{"count":0,"href":"http:\/\/argentinamunicipal.com.ar\/argentina\/wp-json\/wp\/v2\/posts\/24609\/revisions"}],"wp:featuredmedia":[{"embeddable":true,"href":"http:\/\/argentinamunicipal.com.ar\/argentina\/wp-json\/wp\/v2\/media\/24610"}],"wp:attachment":[{"href":"http:\/\/argentinamunicipal.com.ar\/argentina\/wp-json\/wp\/v2\/media?parent=24609"}],"wp:term":[{"taxonomy":"category","embeddable":true,"href":"http:\/\/argentinamunicipal.com.ar\/argentina\/wp-json\/wp\/v2\/categories?post=24609"},{"taxonomy":"post_tag","embeddable":true,"href":"http:\/\/argentinamunicipal.com.ar\/argentina\/wp-json\/wp\/v2\/tags?post=24609"}],"curies":[{"name":"wp","href":"https:\/\/api.w.org\/{rel}","templated":true}]}}