{"id":2461,"date":"2014-03-01T08:53:01","date_gmt":"2014-03-01T11:53:01","guid":{"rendered":"http:\/\/argentinamunicipal.com.ar\/argentina\/?p=2461"},"modified":"2014-03-31T10:28:15","modified_gmt":"2014-03-31T13:28:15","slug":"por-la-inseguridad-vecinos-de-pilar-piden-cerrar-las-fronteras-y-ensanchar-el-arroyo","status":"publish","type":"post","link":"http:\/\/argentinamunicipal.com.ar\/argentina\/por-la-inseguridad-vecinos-de-pilar-piden-cerrar-las-fronteras-y-ensanchar-el-arroyo\/","title":{"rendered":"Por la inseguridad, vecinos de Pilar piden \u00abcerrar las fronteras y ensanchar el arroyo\u00bb"},"content":{"rendered":"<p><a href=\"http:\/\/argentinamunicipal.com.ar\/argentina\/wp-content\/uploads\/2014\/02\/0010735718.jpg\"><img loading=\"lazy\" decoding=\"async\" class=\"aligncenter size-full wp-image-2462\" alt=\"0010735718\" src=\"http:\/\/argentinamunicipal.com.ar\/argentina\/wp-content\/uploads\/2014\/02\/0010735718.jpg\" width=\"770\" height=\"433\" srcset=\"http:\/\/argentinamunicipal.com.ar\/argentina\/wp-content\/uploads\/2014\/02\/0010735718.jpg 770w, http:\/\/argentinamunicipal.com.ar\/argentina\/wp-content\/uploads\/2014\/02\/0010735718-300x168.jpg 300w\" sizes=\"auto, (max-width: 770px) 100vw, 770px\" \/><\/a><\/p>\n<p>El pedido fue presentado en una reuni\u00f3n que mantuvieron vecinos de Derqui con representantes municipales. Denuncian que los delincuentes provienen de barrios perif\u00e9ricos y hasta eval\u00faan ensanchar el arroyo para dificultar el cruce.<\/p>\n<p>Los vecinos del barrio Monterrey de Pilar, se reunieron para planificar un cierre en las fronteras con Jos\u00e9 C. Paz, debido a la serie de hechos delictivos que, dicen, cometen habitantes del municipio vecino. \u00abQueremos que haga m\u00e1s ancho o profundo el arroyo, para que no puedan pasar los que cometen los robos\u00bb, lanzaron como petitorio en la reuni\u00f3n.<\/p>\n<p>Del encuentro participaron el comisario Jorge Aguilar, jefe distrital; el comisario Ra\u00fal Bon\u00edn de Derqui, los subcomisarios de Astolfi y Santa Ana y el subcomisario de Monterrey, Hern\u00e1n Maidana mientras que por parte de la secretar\u00eda de Prevenci\u00f3n Ciudadana, estuvo el referente de la entidad Juan Carlos Losada, quien estuvo acompa\u00f1ado por los concejales Alberto Zapata, Hugo Rosso y Marcela Gonz\u00e1lez, y por el delegado municipal Salinas.<\/p>\n<p>\u201cQueremos que se haga m\u00e1s profundo o ancho el arroyo Pinazo de atr\u00e1s de la Escuela 15, para que no puedan pasar los que cometen los robos\u201d, declar\u00f3 el representante de la entidad vecinal, Guillermo Mejter.<\/p>\n<p>Por otra parte, los vecinos remarcaron la necesidad de implementar la polic\u00eda montada para perseguir a los delincuentes que utilizan la v\u00eda del tren para escapar de las persecuciones policiales. \u201cDesde la \u00faltima reuni\u00f3n ya se ha reforzado la seguridad y han habido detenidos y hasta tiroteos entre la polic\u00eda con los delincuentes\u201d, se\u00f1al\u00f3 Mejter.<\/p>\n<p>La reuni\u00f3n concluy\u00f3 con la promesa de cerrar los puentes que unen a Monterrey con Jos\u00e9 C. Paz y el barrio Sol y Verde, dos de los que los vecinos denuncian como m\u00e1s problem\u00e1ticos. Asimismo, se ampliar\u00e1n los horarios de patrullaje y se espera ampliar el n\u00famero de efectivos ya que seg\u00fan declararon los residentes de Monterrey, \u201ca veces el comisario ten\u00eda que salir a realizar el patrullaje porque faltaba personal\u201d.<\/p>\n<h6>Fuente: Infocielo<\/h6>\n","protected":false},"excerpt":{"rendered":"<p>El pedido fue presentado en una reuni\u00f3n que mantuvieron vecinos de Derqui con representantes municipales. Denuncian que los delincuentes provienen de barrios perif\u00e9ricos y hasta eval\u00faan ensanchar el arroyo para dificultar el cruce. Los vecinos del barrio Monterrey de Pilar, se reunieron para planificar un cierre en las fronteras con Jos\u00e9 C. Paz, debido a<\/p>\n","protected":false},"author":1,"featured_media":2463,"comment_status":"closed","ping_status":"closed","sticky":false,"template":"","format":"standard","meta":{"footnotes":""},"categories":[2,49],"tags":[12],"class_list":["post-2461","post","type-post","status-publish","format-standard","has-post-thumbnail","hentry","category-informe-municipal","category-seguridad","tag-buenos-aires"],"_links":{"self":[{"href":"http:\/\/argentinamunicipal.com.ar\/argentina\/wp-json\/wp\/v2\/posts\/2461","targetHints":{"allow":["GET"]}}],"collection":[{"href":"http:\/\/argentinamunicipal.com.ar\/argentina\/wp-json\/wp\/v2\/posts"}],"about":[{"href":"http:\/\/argentinamunicipal.com.ar\/argentina\/wp-json\/wp\/v2\/types\/post"}],"author":[{"embeddable":true,"href":"http:\/\/argentinamunicipal.com.ar\/argentina\/wp-json\/wp\/v2\/users\/1"}],"replies":[{"embeddable":true,"href":"http:\/\/argentinamunicipal.com.ar\/argentina\/wp-json\/wp\/v2\/comments?post=2461"}],"version-history":[{"count":0,"href":"http:\/\/argentinamunicipal.com.ar\/argentina\/wp-json\/wp\/v2\/posts\/2461\/revisions"}],"wp:featuredmedia":[{"embeddable":true,"href":"http:\/\/argentinamunicipal.com.ar\/argentina\/wp-json\/wp\/v2\/media\/2463"}],"wp:attachment":[{"href":"http:\/\/argentinamunicipal.com.ar\/argentina\/wp-json\/wp\/v2\/media?parent=2461"}],"wp:term":[{"taxonomy":"category","embeddable":true,"href":"http:\/\/argentinamunicipal.com.ar\/argentina\/wp-json\/wp\/v2\/categories?post=2461"},{"taxonomy":"post_tag","embeddable":true,"href":"http:\/\/argentinamunicipal.com.ar\/argentina\/wp-json\/wp\/v2\/tags?post=2461"}],"curies":[{"name":"wp","href":"https:\/\/api.w.org\/{rel}","templated":true}]}}