{"id":24633,"date":"2015-02-13T08:45:47","date_gmt":"2015-02-13T11:45:47","guid":{"rendered":"http:\/\/argentinamunicipal.com.ar\/argentina\/?p=24633"},"modified":"2015-02-13T08:45:47","modified_gmt":"2015-02-13T11:45:47","slug":"rio-cuarto-invertira-30-millones-en-obras-de-infraestructura-vial","status":"publish","type":"post","link":"http:\/\/argentinamunicipal.com.ar\/argentina\/rio-cuarto-invertira-30-millones-en-obras-de-infraestructura-vial\/","title":{"rendered":"R\u00edo Cuarto\u00a0invertir\u00e1 $ 30 millones en obras de infraestructura vial"},"content":{"rendered":"<p><a href=\"http:\/\/argentinamunicipal.com.ar\/argentina\/wp-content\/uploads\/2015\/02\/6.jpg\"><img loading=\"lazy\" decoding=\"async\" class=\"aligncenter  wp-image-24634\" src=\"http:\/\/argentinamunicipal.com.ar\/argentina\/wp-content\/uploads\/2015\/02\/6.jpg\" alt=\"6\" width=\"650\" height=\"414\" srcset=\"http:\/\/argentinamunicipal.com.ar\/argentina\/wp-content\/uploads\/2015\/02\/6.jpg 1417w, http:\/\/argentinamunicipal.com.ar\/argentina\/wp-content\/uploads\/2015\/02\/6-300x191.jpg 300w, http:\/\/argentinamunicipal.com.ar\/argentina\/wp-content\/uploads\/2015\/02\/6-1024x653.jpg 1024w\" sizes=\"auto, (max-width: 650px) 100vw, 650px\" \/><\/a><br \/>\nM\u00e9ndez anticip\u00f3 que Juan Jure har\u00e1 el anuncio oficial en los pr\u00f3ximos d\u00edas. Se pavimentar\u00e1n arterias importantes de la ciudad. Mientras tanto, contin\u00faa con intensidad la reparaci\u00f3n de las calles de tierra<\/p>\n<p>El secretario de Desarrollo Urbano, Obras y Servicios P\u00fablicos, Jorge M\u00e9ndez, anticip\u00f3 que el intendente Juan Jure anunciar\u00e1 en los pr\u00f3ximos d\u00edas trabajos de infraestructura vial por unos $ 30 millones. Se trata de la pavimentaci\u00f3n de algunas calles que funcionan como \u201cr\u00edos naturales\u201d ante las abundantes precipitaciones.<\/p>\n<p>La presentaci\u00f3n de estas obras se realizar\u00eda durante la apertura de sesiones ordinarias del Concejo Deliberante, prevista para el pr\u00f3ximo primero de marzo.<\/p>\n<p>\u201cEl intendente har\u00e1 el anuncio pr\u00f3ximamente en el mes de marzo. Son una serie de obras que tiene que ver con la infraestructura vial de la ciudad que se van a ir concretando a lo largo de este a\u00f1o\u201d, indic\u00f3 M\u00e9ndez sin dar m\u00e1s detalles.<\/p>\n<p>El secretario municipal brind\u00f3 ayer una conferencia de prensa para dar cuenta de los trabajos que se est\u00e1n desarrollando para recuperar la normalidad de las calles de tierra que quedaron en p\u00e9simas condiciones por los m\u00e1s de 120 mil\u00edmetros ca\u00eddos durante s\u00e1bado, domingo, lunes y las primeras horas del martes.<\/p>\n<p>\u201cEst\u00e1bamos preparados para una situaci\u00f3n como la que se produjo. No obstante, a partir de hoy (por ayer) estamos con las calles m\u00e1s oreadas y podemos meter las m\u00e1quinas y los camiones a trabajar. Tenemos frentes de tareas en los cuatro puntos cardinales de la ciudad, hemos duplicado la capacidad de respuesta\u201d, enumer\u00f3 M\u00e9ndez.<\/p>\n<p><strong>&#8211; \u00bfCu\u00e1ntas son las calles afectadas?<\/strong><br \/>\n&#8211; Hay un total de 3 mil calles de tierra que han sufrido complicaciones. En algunos casos es necesario rellenarlas con m\u00e1s tierra para reci\u00e9n despu\u00e9s colocarles arena. Usamos unas 450 toneladas de suelo para nivelar las arterias. Estamos trabajando en un promedio de arreglo de 300 cuadras por d\u00eda, por lo que continuaremos con las tareas durante la pr\u00f3xima semana.<\/p>\n<p><strong>&#8211; \u00bfQu\u00e9 ocurre con los trabajos de bacheo en las calles de asfalto?<\/strong><br \/>\n&#8211; Las tareas de bacheo se retomaron hoy (por ayer) en los distintos sectores en los que ven\u00edamos trabajando.<\/p>\n<p><strong>&#8211; \u00bfCu\u00e1les son las calles m\u00e1s prioritarias a intervenir?<\/strong><br \/>\n&#8211; Intervenimos sobre las calles que son utilizadas por el transporte urbano de pasajeros y las que tienen mayor transitabilidad. Despu\u00e9s avanzaremos sobre las menos importantes. De todas maneras, est\u00e1 garantizado que vamos a llegar a todos lados, solo pedimos a los vecinos que nos tengan paciencia.<\/p>\n<p><strong>&#8211; \u00bfCu\u00e1ntas maquinarias est\u00e1n utilizando?<\/strong><br \/>\n&#8211; Tenemos disponible todas las m\u00e1quinas de la Municipalidad y contamos con algunas unidades que hemos contratado a empresas privadas. Est\u00e1n trabajando una media docena de camiones, 10 motoniveladoras y varias bateas. La verdad es que estamos conformes por la manera en la que hemos ido sorteando las dificultades. Pese a la lluvia, el transporte p\u00fablico no se interrumpi\u00f3, no hubo evacuados y tampoco se cort\u00f3 la recolecci\u00f3n de residuos. En definitiva, los servicios p\u00fablicos se han prestado casi con normalidad. Creo humildemente que estuvimos a la altura de las circunstancias.<\/p>\n<p><strong>&#8211; \u00bfEs inevitable que las calles de la ciudad terminen en muy malas condiciones cada vez que llueve?<\/strong><br \/>\n&#8211; S\u00ed, cuando a las calles de tierra les llega el agua se genera barro. Hay algunas arterias que son desag\u00fces naturales y, por lo tanto, el da\u00f1o es mayor porque se arrastra con todo. La soluci\u00f3n son algunas medidas de infraestructura. Por eso, como ya dije, el intendente va a hacer algunos anuncios al respecto en los pr\u00f3ximos d\u00edas. En estos momentos se est\u00e1n haciendo estudios de tipo t\u00e9cnicos para definir las prioridades. Tambi\u00e9n estamos analizando las fuentes de financiamiento.<\/p>\n<p><strong>M\u00e1s obras<\/strong><\/p>\n<p>Por \u00faltimo, M\u00e9ndez inform\u00f3 que el pr\u00f3ximo 20 de febrero se abrir\u00e1n los concursos para repavimentar la calle Tejerina y anticip\u00f3 que tambi\u00e9n avanzar\u00e1n en un nuevo proceso por los trabajos que se tienen que hacer en Guardias Nacionales. Cabe recordar que la licitaci\u00f3n anterior se cay\u00f3 debido al monto que exigieron las empresas.<\/p>\n<h6>Fuente: Puntal<\/h6>\n","protected":false},"excerpt":{"rendered":"<p>M\u00e9ndez anticip\u00f3 que Juan Jure har\u00e1 el anuncio oficial en los pr\u00f3ximos d\u00edas. Se pavimentar\u00e1n arterias importantes de la ciudad. Mientras tanto, contin\u00faa con intensidad la reparaci\u00f3n de las calles de tierra El secretario de Desarrollo Urbano, Obras y Servicios P\u00fablicos, Jorge M\u00e9ndez, anticip\u00f3 que el intendente Juan Jure anunciar\u00e1 en los pr\u00f3ximos d\u00edas trabajos<\/p>\n","protected":false},"author":2,"featured_media":24634,"comment_status":"closed","ping_status":"closed","sticky":false,"template":"","format":"standard","meta":{"footnotes":""},"categories":[2],"tags":[3],"class_list":["post-24633","post","type-post","status-publish","format-standard","has-post-thumbnail","hentry","category-informe-municipal","tag-cordoba"],"_links":{"self":[{"href":"http:\/\/argentinamunicipal.com.ar\/argentina\/wp-json\/wp\/v2\/posts\/24633","targetHints":{"allow":["GET"]}}],"collection":[{"href":"http:\/\/argentinamunicipal.com.ar\/argentina\/wp-json\/wp\/v2\/posts"}],"about":[{"href":"http:\/\/argentinamunicipal.com.ar\/argentina\/wp-json\/wp\/v2\/types\/post"}],"author":[{"embeddable":true,"href":"http:\/\/argentinamunicipal.com.ar\/argentina\/wp-json\/wp\/v2\/users\/2"}],"replies":[{"embeddable":true,"href":"http:\/\/argentinamunicipal.com.ar\/argentina\/wp-json\/wp\/v2\/comments?post=24633"}],"version-history":[{"count":0,"href":"http:\/\/argentinamunicipal.com.ar\/argentina\/wp-json\/wp\/v2\/posts\/24633\/revisions"}],"wp:featuredmedia":[{"embeddable":true,"href":"http:\/\/argentinamunicipal.com.ar\/argentina\/wp-json\/wp\/v2\/media\/24634"}],"wp:attachment":[{"href":"http:\/\/argentinamunicipal.com.ar\/argentina\/wp-json\/wp\/v2\/media?parent=24633"}],"wp:term":[{"taxonomy":"category","embeddable":true,"href":"http:\/\/argentinamunicipal.com.ar\/argentina\/wp-json\/wp\/v2\/categories?post=24633"},{"taxonomy":"post_tag","embeddable":true,"href":"http:\/\/argentinamunicipal.com.ar\/argentina\/wp-json\/wp\/v2\/tags?post=24633"}],"curies":[{"name":"wp","href":"https:\/\/api.w.org\/{rel}","templated":true}]}}