{"id":24681,"date":"2015-02-13T09:56:26","date_gmt":"2015-02-13T12:56:26","guid":{"rendered":"http:\/\/argentinamunicipal.com.ar\/argentina\/?p=24681"},"modified":"2015-02-13T09:56:26","modified_gmt":"2015-02-13T12:56:26","slug":"entidades-satisfechas-con-la-reglamentacion-de-las-leyes-de-consumo","status":"publish","type":"post","link":"http:\/\/argentinamunicipal.com.ar\/argentina\/entidades-satisfechas-con-la-reglamentacion-de-las-leyes-de-consumo\/","title":{"rendered":"Entidades, satisfechas con la reglamentaci\u00f3n de las leyes de consumo"},"content":{"rendered":"<p><a href=\"http:\/\/argentinamunicipal.com.ar\/argentina\/wp-content\/uploads\/2015\/02\/Carrito-supermercado.jpg\"><img loading=\"lazy\" decoding=\"async\" class=\"aligncenter size-full wp-image-24682\" src=\"http:\/\/argentinamunicipal.com.ar\/argentina\/wp-content\/uploads\/2015\/02\/Carrito-supermercado.jpg\" alt=\"Carrito-supermercado\" width=\"560\" height=\"350\" srcset=\"http:\/\/argentinamunicipal.com.ar\/argentina\/wp-content\/uploads\/2015\/02\/Carrito-supermercado.jpg 560w, http:\/\/argentinamunicipal.com.ar\/argentina\/wp-content\/uploads\/2015\/02\/Carrito-supermercado-300x188.jpg 300w\" sizes=\"auto, (max-width: 560px) 100vw, 560px\" \/><\/a><br \/>\nEntidades defensoras de los derechos de los consumidores manifestaron hoy su satisfacci\u00f3n por la reglamentaci\u00f3n del Sistema Nacional de Resoluci\u00f3n de Conflictos en las Relaciones de Consumo, y consideraron que esa normativa, junto con el Observatorio de Precios recientemente conformado, son un hito en la defensa de los usuarios que podr\u00e1n ver resueltos sus reclamos con m\u00e1s \u201crapidez y eficacia\u201d.<\/p>\n<p>Claudio Boada, de la Uni\u00f3n de Usuarios y Consumidores, dijo a T\u00e9lam que la reglamentaci\u00f3n de esta legislaci\u00f3n que fue aprobada el a\u00f1o anterior por el Congreso Nacional, har\u00e1 que la resoluci\u00f3n de los conflictos sea \u201cmucho m\u00e1s \u00e1gil\u201d.<\/p>\n<p>Record\u00f3 que el Sistema, que contempla el Servicio de Conciliaci\u00f3n Previa en las Relaciones de Consumo (Coprec), va a comenzar a aplicarse en la Capital Federal, \u00e1mbito en el que se dictaron cursos para mediadores y conciliadores, y manifest\u00f3 su deseo de que este Servicio se extienda al resto del pa\u00eds con la adhesi\u00f3n de las distintas provincias.<\/p>\n<p>Respecto del Observatorio de Precios, que el jueves 19 de este mes analizar\u00e1 en el \u00e1mbito de la Secretar\u00eda de Comercio la situaci\u00f3n del sector vitivin\u00edcola, frut\u00edcola y oliv\u00edcola, dijo que es un \u201chito\u201d que las asociaciones de consumidores, junto con el<\/p>\n<p>Estado y las empresas, puedan estudiar las distintas cadenas productivas y ver qu\u00e9 eslab\u00f3n de esa cadena monopoliza y domina al resto, y se queda con la mejor tajada.<\/p>\n<p>Precis\u00f3 que las tres asociaciones de consumidores que participar\u00e1n del Observatorio de Precios son la Uni\u00f3n de Usuarios y Consumidores, Deuco y Adduc.<\/p>\n<p>En tanto, Pedro Bussetti, de Deuco, dijo a T\u00e9lam que la reglamentaci\u00f3n de la normativa de defensa del consumidor \u201cpone en marcha un mecanismo que significa un cambio trascendente en la relaci\u00f3n de los consumidores y las empresas\u201d, y \u201cresguarda los derechos de los m\u00e1s d\u00e9biles\u201d no s\u00f3lo en casos de conflictos individuales sino estructurales, como los que se analizan en el Observatorio de Precios.<\/p>\n<p>\u201cEs la primera vez en la historia que las entidades de consumidores tendr\u00e1n una participaci\u00f3n real y activa en el estudio de la estructura de costo de las distintas cadenas de producci\u00f3n\u00bb, indic\u00f3.<\/p>\n<p>En cuanto a la puesta en marcha del servicio del Coprec, que comenzar\u00e1 en el \u00e1mbito de la ciudad de Buenos Aires con mediaci\u00f3n, conciliaci\u00f3n y juicio, dijo que las provincias \u201cdeber\u00e1n adherir a la ley o crear sistemas de Tribunales de Consumo\u201d.<\/p>\n<p>En relaci\u00f3n con la creaci\u00f3n de un Registro Nacional de Infracciones para que se difundan por la web las sanciones que recaen en distintas empresas, dijo que evitar\u00e1 que una misma compa\u00f1\u00eda reitere infracciones en distintas jurisdicciones. \u201cSi el consumidor compra un producto o contrata un servicio, podr\u00e1 verificar antes si la empresa est\u00e1 incluida en el Registro y fue sancionada con anterioridad\u201d, indic\u00f3.<\/p>\n<p>En tanto, Osvaldo Bassano, de Adduc, dijo que la nueva legislaci\u00f3n en defensa del consumidor, ahora reglamentada, es un \u201cavance importante en el ingreso al siglo XXI, ya que los conflictos se podr\u00e1n resolver con m\u00e1s rapidez y eficacia\u201d.<\/p>\n<p>\u201cEste sistema crea especialistas en materia de defensa del consumidor al tiempo que democratiza al Poder Judicial, ya que se resuelven los problemas de la gente y no los de los grupos econ\u00f3micos\u201d, indic\u00f3.<\/p>\n<p>A su criterio, organismos como el Observatorio de Precios permitir\u00e1 \u201cestudiar el movimiento de los precios y atender conflictos suscitados por la falta de mercader\u00eda o por el aumento de su valor\u201d, explic\u00f3.<\/p>\n<p>\u201cEspero que todos los gobernadores tomen el guante y hagan ingresar el fuero del consumidor a sus provincias\u201d, explic\u00f3.<br \/>\nEl Bolet\u00edn Oficial public\u00f3 hoy la reglamentaci\u00f3n de la Ley 26.993 que crea el Sistema Nacional de Resoluci\u00f3n de Conflictos en las Relaciones de Consumo y contempla el Servicio de Conciliaci\u00f3n Previa en las relaciones de Consumo (Coprec). Asimismo, determin\u00f3 que la Secretar\u00eda de Comercio ser\u00e1 la autoridad de aplicaci\u00f3n en la ley de abastecimiento, al tiempo que cre\u00f3 un Registro Nacional de Infracciones.<\/p>\n<h6>Fuente: T\u00e9lam<\/h6>\n","protected":false},"excerpt":{"rendered":"<p>Entidades defensoras de los derechos de los consumidores manifestaron hoy su satisfacci\u00f3n por la reglamentaci\u00f3n del Sistema Nacional de Resoluci\u00f3n de Conflictos en las Relaciones de Consumo, y consideraron que esa normativa, junto con el Observatorio de Precios recientemente conformado, son un hito en la defensa de los usuarios que podr\u00e1n ver resueltos sus reclamos<\/p>\n","protected":false},"author":2,"featured_media":24682,"comment_status":"closed","ping_status":"closed","sticky":false,"template":"","format":"standard","meta":{"footnotes":""},"categories":[8],"tags":[21],"class_list":["post-24681","post","type-post","status-publish","format-standard","has-post-thumbnail","hentry","category-informe-nacional","tag-argentina"],"_links":{"self":[{"href":"http:\/\/argentinamunicipal.com.ar\/argentina\/wp-json\/wp\/v2\/posts\/24681","targetHints":{"allow":["GET"]}}],"collection":[{"href":"http:\/\/argentinamunicipal.com.ar\/argentina\/wp-json\/wp\/v2\/posts"}],"about":[{"href":"http:\/\/argentinamunicipal.com.ar\/argentina\/wp-json\/wp\/v2\/types\/post"}],"author":[{"embeddable":true,"href":"http:\/\/argentinamunicipal.com.ar\/argentina\/wp-json\/wp\/v2\/users\/2"}],"replies":[{"embeddable":true,"href":"http:\/\/argentinamunicipal.com.ar\/argentina\/wp-json\/wp\/v2\/comments?post=24681"}],"version-history":[{"count":0,"href":"http:\/\/argentinamunicipal.com.ar\/argentina\/wp-json\/wp\/v2\/posts\/24681\/revisions"}],"wp:featuredmedia":[{"embeddable":true,"href":"http:\/\/argentinamunicipal.com.ar\/argentina\/wp-json\/wp\/v2\/media\/24682"}],"wp:attachment":[{"href":"http:\/\/argentinamunicipal.com.ar\/argentina\/wp-json\/wp\/v2\/media?parent=24681"}],"wp:term":[{"taxonomy":"category","embeddable":true,"href":"http:\/\/argentinamunicipal.com.ar\/argentina\/wp-json\/wp\/v2\/categories?post=24681"},{"taxonomy":"post_tag","embeddable":true,"href":"http:\/\/argentinamunicipal.com.ar\/argentina\/wp-json\/wp\/v2\/tags?post=24681"}],"curies":[{"name":"wp","href":"https:\/\/api.w.org\/{rel}","templated":true}]}}