{"id":24693,"date":"2015-02-13T10:20:01","date_gmt":"2015-02-13T13:20:01","guid":{"rendered":"http:\/\/argentinamunicipal.com.ar\/argentina\/?p=24693"},"modified":"2015-04-24T10:31:36","modified_gmt":"2015-04-24T13:31:36","slug":"las-reservas-de-las-plazas-hoteleras-de-entre-rios-ya-alcanzan-al-98-por-ciento","status":"publish","type":"post","link":"http:\/\/argentinamunicipal.com.ar\/argentina\/las-reservas-de-las-plazas-hoteleras-de-entre-rios-ya-alcanzan-al-98-por-ciento\/","title":{"rendered":"Las reservas de las plazas hoteleras de Entre R\u00edos ya alcanzan al 98 por ciento"},"content":{"rendered":"<p><a href=\"http:\/\/argentinamunicipal.com.ar\/argentina\/wp-content\/uploads\/2015\/02\/carnaval-1.jpg\"><img loading=\"lazy\" decoding=\"async\" class=\"aligncenter  wp-image-24694\" src=\"http:\/\/argentinamunicipal.com.ar\/argentina\/wp-content\/uploads\/2015\/02\/carnaval-1.jpg\" alt=\"carnaval-1\" width=\"653\" height=\"489\" srcset=\"http:\/\/argentinamunicipal.com.ar\/argentina\/wp-content\/uploads\/2015\/02\/carnaval-1.jpg 906w, http:\/\/argentinamunicipal.com.ar\/argentina\/wp-content\/uploads\/2015\/02\/carnaval-1-300x225.jpg 300w\" sizes=\"auto, (max-width: 653px) 100vw, 653px\" \/><\/a><\/p>\n<p>\u201cHemos trabajado mucho para obtener estos resultados\u201d asegur\u00f3 el gobernador Sergio Urribarri ante los datos del Ministerio de Turismo que indican un nivel de reservas en hoteles, alojamientos y complejos tur\u00edsticos de Entre R\u00edos del 98 por ciento para este fin de semana largo -14 al 17 de febrero- por el feriado de carnaval<\/p>\n<p>En las principales plazas tur\u00edsticas de la provincia la capacidad para hospedar ya es del cien por ciento.<\/p>\n<p>Concepci\u00f3n del Uruguay, Col\u00f3n, Concordia en la costa del Uruguay, o Santa Elena, Hernandarias y Victoria sobre la costa del r\u00edo Paran\u00e1 se encuentran derivando pedidos hacia otras localidades, por tener colmada la capacidad de albergar visitantes.<\/p>\n<p>Tambi\u00e9n la totalidad de las ciudades termales tienen una demanda que supera la capacidad de dar hospedaje, con el cien por ciento de las plazas reservadas o ya ocupadas.<\/p>\n<p>El mandatario record\u00f3 al respecto: \u201cAl asumir en diciembre de 2007 nos propusimos un trabajo de mediano y largo plazo, de fortalecimiento de lo que ya estaba hecho, pero de avance en muchas otras actividades. As\u00ed se logr\u00f3 que compa\u00f1\u00edas de espect\u00e1culos que siempre hac\u00edan temporada en Mar del Plata o Villa Carlos Paz pusieran sus ojos en nuestra provincia, o el automovilismo con la inversi\u00f3n para contar con tres aut\u00f3dromos para las competencias de diferentes categor\u00edas que tanta gente moviliza. Hemos trabajado mucho y estos son los resultados\u201d.<\/p>\n<p>Urribarri subray\u00f3 los datos que se\u00f1alan a Entre R\u00edos entre las tres provincias m\u00e1s convocantes de turistas en todo el pa\u00eds. \u201cEs una consecuencia l\u00f3gica de una pol\u00edtica coherente, de un trabajo conjunto entre el sector p\u00fablico y el sector privado, sin ego\u00edsmo alguno, con visi\u00f3n y planificaci\u00f3n que hoy rinde sus frutos. El turismo moviliza a la econom\u00eda entrerriana\u201d.<\/p>\n<p>Por \u00faltimo el Gobernador apunt\u00f3 sobre los principales destinos tur\u00edsticos de la Argentina \u201cque este verano fueron visitados por millones de compatriotas, disfrutando, conociendo, lo que habla a las claras de un pa\u00eds que est\u00e1 en marcha, de una actividad econ\u00f3mica potente, de trabajadores y sus familias que se pueden dar el gusto de viajar porque est\u00e1n incluidos, porque tienen derechos y un Gobierno que los defiende\u201d.<\/p>\n<p>La informaci\u00f3n del Ministerio de Turismo de Entre R\u00edos, relevada en los municipios y entes privados de la provincia, se\u00f1ala que en la mayor\u00eda de las ciudades tur\u00edsticas de ambas costas, pero tambi\u00e9n de localidades como San Jos\u00e9 de Feliciano o Larroque, las reservas son del cien por ciento de las plazas con que se cuenta para este fin de semana y el feriado por el carnaval, del 14 al 17 de febrero en todo el pa\u00eds.<\/p>\n<h6>Fuente: APF Digital<\/h6>\n","protected":false},"excerpt":{"rendered":"<p>\u201cHemos trabajado mucho para obtener estos resultados\u201d asegur\u00f3 el gobernador Sergio Urribarri ante los datos del Ministerio de Turismo que indican un nivel de reservas en hoteles, alojamientos y complejos tur\u00edsticos de Entre R\u00edos del 98 por ciento para este fin de semana largo -14 al 17 de febrero- por el feriado de carnaval En<\/p>\n","protected":false},"author":2,"featured_media":24694,"comment_status":"closed","ping_status":"closed","sticky":false,"template":"","format":"standard","meta":{"footnotes":""},"categories":[2],"tags":[17],"class_list":["post-24693","post","type-post","status-publish","format-standard","has-post-thumbnail","hentry","category-informe-municipal","tag-entre-rios"],"_links":{"self":[{"href":"http:\/\/argentinamunicipal.com.ar\/argentina\/wp-json\/wp\/v2\/posts\/24693","targetHints":{"allow":["GET"]}}],"collection":[{"href":"http:\/\/argentinamunicipal.com.ar\/argentina\/wp-json\/wp\/v2\/posts"}],"about":[{"href":"http:\/\/argentinamunicipal.com.ar\/argentina\/wp-json\/wp\/v2\/types\/post"}],"author":[{"embeddable":true,"href":"http:\/\/argentinamunicipal.com.ar\/argentina\/wp-json\/wp\/v2\/users\/2"}],"replies":[{"embeddable":true,"href":"http:\/\/argentinamunicipal.com.ar\/argentina\/wp-json\/wp\/v2\/comments?post=24693"}],"version-history":[{"count":0,"href":"http:\/\/argentinamunicipal.com.ar\/argentina\/wp-json\/wp\/v2\/posts\/24693\/revisions"}],"wp:featuredmedia":[{"embeddable":true,"href":"http:\/\/argentinamunicipal.com.ar\/argentina\/wp-json\/wp\/v2\/media\/24694"}],"wp:attachment":[{"href":"http:\/\/argentinamunicipal.com.ar\/argentina\/wp-json\/wp\/v2\/media?parent=24693"}],"wp:term":[{"taxonomy":"category","embeddable":true,"href":"http:\/\/argentinamunicipal.com.ar\/argentina\/wp-json\/wp\/v2\/categories?post=24693"},{"taxonomy":"post_tag","embeddable":true,"href":"http:\/\/argentinamunicipal.com.ar\/argentina\/wp-json\/wp\/v2\/tags?post=24693"}],"curies":[{"name":"wp","href":"https:\/\/api.w.org\/{rel}","templated":true}]}}