{"id":24708,"date":"2015-02-14T17:10:58","date_gmt":"2015-02-14T20:10:58","guid":{"rendered":"http:\/\/argentinamunicipal.com.ar\/argentina\/?p=24708"},"modified":"2015-02-14T17:10:58","modified_gmt":"2015-02-14T20:10:58","slug":"consultaran-los-vecinos-por-el-jefe-de-la-policia-municipal","status":"publish","type":"post","link":"http:\/\/argentinamunicipal.com.ar\/argentina\/consultaran-los-vecinos-por-el-jefe-de-la-policia-municipal\/","title":{"rendered":"Consultar\u00e1n a los vecinos por el jefe de la Polic\u00eda municipal"},"content":{"rendered":"<div id=\"attachment_24709\" style=\"width: 631px\" class=\"wp-caption aligncenter\"><a href=\"http:\/\/argentinamunicipal.com.ar\/argentina\/wp-content\/uploads\/2015\/02\/big_03a020bba64008c0d146d66c2d8c9ef2.jpg\"><img loading=\"lazy\" decoding=\"async\" aria-describedby=\"caption-attachment-24709\" class=\"size-full wp-image-24709\" src=\"http:\/\/argentinamunicipal.com.ar\/argentina\/wp-content\/uploads\/2015\/02\/big_03a020bba64008c0d146d66c2d8c9ef2.jpg\" alt=\"Los aspirantes a la Polic\u00eda Local platense vienen manteniendo un estricto entrenamiento, de cara a su graduaci\u00f3n, en marzo\" width=\"621\" height=\"349\" srcset=\"http:\/\/argentinamunicipal.com.ar\/argentina\/wp-content\/uploads\/2015\/02\/big_03a020bba64008c0d146d66c2d8c9ef2.jpg 621w, http:\/\/argentinamunicipal.com.ar\/argentina\/wp-content\/uploads\/2015\/02\/big_03a020bba64008c0d146d66c2d8c9ef2-300x169.jpg 300w\" sizes=\"auto, (max-width: 621px) 100vw, 621px\" \/><\/a><p id=\"caption-attachment-24709\" class=\"wp-caption-text\">Los aspirantes a la Polic\u00eda Local platense vienen manteniendo un estricto entrenamiento, de cara a su graduaci\u00f3n, en marzo<\/p><\/div>\n<p>Podr\u00e1n impugnar y hacer observaciones sobre el candidato a conducir la fuerza<\/p>\n<p>\u201cUn jefe con formaci\u00f3n, capacidad y \u00e9tica\u201d. As\u00ed definen desde el Municipio al candidato que buscan para conducir la Polic\u00eda Local, que estar\u00e1 en las calles a mediados de marzo. Y, frente a esa aspiraci\u00f3n, el intendente, Pablo Bruera, propondr\u00e1 a los platenses participar en esa designaci\u00f3n con una suerte de \u201caudiencia p\u00fablica\u201d v\u00eda internet, a trav\u00e9s de la que, desde la semana pr\u00f3xima, los vecinos podr\u00e1n hacer observaciones sobre el postulante.<\/p>\n<p>La metodolog\u00eda a aplicar se conoci\u00f3 ayer, en el marco del trabajo que viene realizando la Comuna de an\u00e1lisis de los curriculums de los mejores posibles candidatos a jefes de la nueva fuerza de seguridad local, cuyo nombre se conocer\u00eda la semana que viene.<\/p>\n<p>Mientras, los 730 aspirantes a integrar la Polic\u00eda Local contin\u00faan en el \u00faltimo tramo de su formaci\u00f3n, que, luego de haber cursado distintas materias te\u00f3ricas, se encuentran profundizando en las asignaturas de uso de arma y defensa personal, antes de los ex\u00e1menes finales que ser\u00e1n a principios de marzo.<\/p>\n<p><strong>EL NOMBRAMIENTO DEL JEFE<\/strong><\/p>\n<p>Como viene publicando este diario, si bien las polic\u00edas locales creadas por un decreto del gobernador Daniel Scioli dependen en \u00faltima instancia del ministerio de Seguridad de la Provincia, son formadas con la impronta de cada municipio, que financia su formaci\u00f3n, y coordinadas por el intendente de cada lugar, a trav\u00e9s de un jefe que el mismo alcade designa.<\/p>\n<p>En el caso de nuestra ciudad, comenzaron su instrucci\u00f3n en septiembre pasado y egresar\u00e1n en marzo, aunque continuar\u00e1n con cursos de capacitaci\u00f3n adicional de uso de arma de fuego durante todo 2015.<\/p>\n<p>En esta instancia de los preparativos, la subsecretar\u00eda de Seguridad de la Comuna, a cargo de Guillermo Escudero, se encuentra analizando qui\u00e9n es el mejor candidato a conducir la fuerza.<\/p>\n<p>Seg\u00fan explicaron a EL DIA, el ministerio de Seguridad establece como requisito que los conductores de las polic\u00edas locales provengan de la Polic\u00eda Bonaerense. A esto el intendente Bruera incluy\u00f3 las caracter\u00edsticas particulares que pretende para el jefe de la Polic\u00eda Local platense: debe tener experiencia, un prontuario intachable y una gran transparencia. \u201cNos interesa la formaci\u00f3n, la capacidad y la honestidad de la persona que conduzca a nuestra polic\u00eda\u201d, confiaron desde la Comuna.<\/p>\n<p>Pero en esta elecci\u00f3n que har\u00e1 el Municipio los vecinos tambi\u00e9n tendr\u00e1n participaci\u00f3n. A trav\u00e9s de la p\u00e1gina web de la Municipalidad, se difundir\u00e1 el curriculum del candidato a jefe policial, para el conocimiento de todos los platenses. All\u00ed mismo habr\u00e1 una opci\u00f3n para que los vecinos puedan realizar observaciones o impugnaciones sobre el postulante, conociendo todos sus antecedentes, que tambi\u00e9n ser\u00e1n chequeados con la Secretar\u00eda de Derechos Humanos.<\/p>\n<p>As\u00ed, se pretende que la designaci\u00f3n de la persona que conduzca la fuerza destinada a la seguridad de la comunidad cuente con el aval de sus integrantes. Se trata de una convocatoria similar a la realizada en Mar del Plata para la elecci\u00f3n de su jefe policial, Fernando Telpuk, quien asumi\u00f3 en su cargo el lunes pasado.<\/p>\n<h6>Fuente: El D\u00eda<\/h6>\n","protected":false},"excerpt":{"rendered":"<p>Podr\u00e1n impugnar y hacer observaciones sobre el candidato a conducir la fuerza \u201cUn jefe con formaci\u00f3n, capacidad y \u00e9tica\u201d. As\u00ed definen desde el Municipio al candidato que buscan para conducir la Polic\u00eda Local, que estar\u00e1 en las calles a mediados de marzo. Y, frente a esa aspiraci\u00f3n, el intendente, Pablo Bruera, propondr\u00e1 a los platenses<\/p>\n","protected":false},"author":2,"featured_media":24709,"comment_status":"closed","ping_status":"closed","sticky":false,"template":"","format":"standard","meta":{"footnotes":""},"categories":[49],"tags":[12],"class_list":["post-24708","post","type-post","status-publish","format-standard","has-post-thumbnail","hentry","category-seguridad","tag-buenos-aires"],"_links":{"self":[{"href":"http:\/\/argentinamunicipal.com.ar\/argentina\/wp-json\/wp\/v2\/posts\/24708","targetHints":{"allow":["GET"]}}],"collection":[{"href":"http:\/\/argentinamunicipal.com.ar\/argentina\/wp-json\/wp\/v2\/posts"}],"about":[{"href":"http:\/\/argentinamunicipal.com.ar\/argentina\/wp-json\/wp\/v2\/types\/post"}],"author":[{"embeddable":true,"href":"http:\/\/argentinamunicipal.com.ar\/argentina\/wp-json\/wp\/v2\/users\/2"}],"replies":[{"embeddable":true,"href":"http:\/\/argentinamunicipal.com.ar\/argentina\/wp-json\/wp\/v2\/comments?post=24708"}],"version-history":[{"count":0,"href":"http:\/\/argentinamunicipal.com.ar\/argentina\/wp-json\/wp\/v2\/posts\/24708\/revisions"}],"wp:featuredmedia":[{"embeddable":true,"href":"http:\/\/argentinamunicipal.com.ar\/argentina\/wp-json\/wp\/v2\/media\/24709"}],"wp:attachment":[{"href":"http:\/\/argentinamunicipal.com.ar\/argentina\/wp-json\/wp\/v2\/media?parent=24708"}],"wp:term":[{"taxonomy":"category","embeddable":true,"href":"http:\/\/argentinamunicipal.com.ar\/argentina\/wp-json\/wp\/v2\/categories?post=24708"},{"taxonomy":"post_tag","embeddable":true,"href":"http:\/\/argentinamunicipal.com.ar\/argentina\/wp-json\/wp\/v2\/tags?post=24708"}],"curies":[{"name":"wp","href":"https:\/\/api.w.org\/{rel}","templated":true}]}}