{"id":24735,"date":"2015-02-14T17:00:15","date_gmt":"2015-02-14T20:00:15","guid":{"rendered":"http:\/\/argentinamunicipal.com.ar\/argentina\/?p=24735"},"modified":"2015-02-14T17:38:55","modified_gmt":"2015-02-14T20:38:55","slug":"parana-quieren-que-se-mejore-las-condiciones-laborales-de-los-tarjeteros-y-ya-se-habla-de-solicitar-un-aumento-de-la-tarifa","status":"publish","type":"post","link":"http:\/\/argentinamunicipal.com.ar\/argentina\/parana-quieren-que-se-mejore-las-condiciones-laborales-de-los-tarjeteros-y-ya-se-habla-de-solicitar-un-aumento-de-la-tarifa\/","title":{"rendered":"Paran\u00e1: quieren que se mejore las condiciones laborales de los tarjeteros y ya se habla de solicitar un aumento de la tarifa"},"content":{"rendered":"<p><a href=\"http:\/\/argentinamunicipal.com.ar\/argentina\/wp-content\/uploads\/2015\/02\/foto011774941.jpg\"><img loading=\"lazy\" decoding=\"async\" class=\"alignleft  wp-image-24736\" src=\"http:\/\/argentinamunicipal.com.ar\/argentina\/wp-content\/uploads\/2015\/02\/foto011774941.jpg\" alt=\"OLYMPUS DIGITAL CAMERA\" width=\"376\" height=\"542\" srcset=\"http:\/\/argentinamunicipal.com.ar\/argentina\/wp-content\/uploads\/2015\/02\/foto011774941.jpg 555w, http:\/\/argentinamunicipal.com.ar\/argentina\/wp-content\/uploads\/2015\/02\/foto011774941-208x300.jpg 208w\" sizes=\"auto, (max-width: 376px) 100vw, 376px\" \/><\/a>El pasado mi\u00e9rcoles se reunieron autoridades de la CTA Entre R\u00edos con integrantes de la Asociaci\u00f3n Tarjeteros de Paran\u00e1, junto con la abogada de la entidad \u2022 Se pedir\u00e1 al Municipio que se reconozca a la entidad que nuclea a los tarjeteros y luego se proceder\u00e1 a gestionar mejoras en las condiciones laborales y un aumento de la tarifa<\/p>\n<p>En el encuentro se trataron temas administrativos y organizacionales de la Asociaci\u00f3n y se acord\u00f3 que la estrategia consistir\u00e1 en la elevaci\u00f3n de una nota al Municipio para que reconozca a la Asociaci\u00f3n de Trabajadores de Paran\u00e1 y su funcionamiento.<\/p>\n<p>\u201cUna vez logrado el reconocimiento del municipio comenzar a negociar las condiciones laborables y el aumento de la tarifa\u201d, se indic\u00f3 en un comunicado enviado a esta Agencia.<\/p>\n<p>En la reuni\u00f3n estuvieron presentes el secretario General de CTA, Luis G\u00e1lligo; el secretario de Formaci\u00f3n, Investigaci\u00f3n, Proyectos y Estad\u00edstica, Francisco Aisburu, y la vicepresidenta de la Asociaci\u00f3n de Tarjeteros de Paran\u00e1, Vanesa D\u00edaz, entre otros.<\/p>\n<p>\u201cLa reuni\u00f3n fue positiva, tenemos una base y un proyecto a futuro. Estamos dispuestos a seguir trabajando para lograr estos beneficios y m\u00e1s, para los 200 tarjeteros que trabajan en Paran\u00e1\u201d, dijo Vanesa D\u00edaz.<\/p>\n<p>Y agreg\u00f3 que est\u00e1n a la espera de la convocatoria de una reuni\u00f3n prometida por parte del secretario de Transporte y Tr\u00e1nsito de la Municipalidad, H\u00e9ctor Bergara.<\/p>\n<p>\u201cEste tipo de reuniones de trabajo es muy importante en el fortalecimiento de la central porque la da una verdadera unidad de clase a los trabajadores\u201d, sostuvo finalmente G\u00e1lligo.<\/p>\n<h6>Fuente: APF Digital<\/h6>\n","protected":false},"excerpt":{"rendered":"<p>El pasado mi\u00e9rcoles se reunieron autoridades de la CTA Entre R\u00edos con integrantes de la Asociaci\u00f3n Tarjeteros de Paran\u00e1, junto con la abogada de la entidad \u2022 Se pedir\u00e1 al Municipio que se reconozca a la entidad que nuclea a los tarjeteros y luego se proceder\u00e1 a gestionar mejoras en las condiciones laborales y un<\/p>\n","protected":false},"author":2,"featured_media":24736,"comment_status":"closed","ping_status":"closed","sticky":false,"template":"","format":"standard","meta":{"footnotes":""},"categories":[4],"tags":[17],"class_list":["post-24735","post","type-post","status-publish","format-standard","has-post-thumbnail","hentry","category-informe-politico","tag-entre-rios"],"_links":{"self":[{"href":"http:\/\/argentinamunicipal.com.ar\/argentina\/wp-json\/wp\/v2\/posts\/24735","targetHints":{"allow":["GET"]}}],"collection":[{"href":"http:\/\/argentinamunicipal.com.ar\/argentina\/wp-json\/wp\/v2\/posts"}],"about":[{"href":"http:\/\/argentinamunicipal.com.ar\/argentina\/wp-json\/wp\/v2\/types\/post"}],"author":[{"embeddable":true,"href":"http:\/\/argentinamunicipal.com.ar\/argentina\/wp-json\/wp\/v2\/users\/2"}],"replies":[{"embeddable":true,"href":"http:\/\/argentinamunicipal.com.ar\/argentina\/wp-json\/wp\/v2\/comments?post=24735"}],"version-history":[{"count":0,"href":"http:\/\/argentinamunicipal.com.ar\/argentina\/wp-json\/wp\/v2\/posts\/24735\/revisions"}],"wp:featuredmedia":[{"embeddable":true,"href":"http:\/\/argentinamunicipal.com.ar\/argentina\/wp-json\/wp\/v2\/media\/24736"}],"wp:attachment":[{"href":"http:\/\/argentinamunicipal.com.ar\/argentina\/wp-json\/wp\/v2\/media?parent=24735"}],"wp:term":[{"taxonomy":"category","embeddable":true,"href":"http:\/\/argentinamunicipal.com.ar\/argentina\/wp-json\/wp\/v2\/categories?post=24735"},{"taxonomy":"post_tag","embeddable":true,"href":"http:\/\/argentinamunicipal.com.ar\/argentina\/wp-json\/wp\/v2\/tags?post=24735"}],"curies":[{"name":"wp","href":"https:\/\/api.w.org\/{rel}","templated":true}]}}