{"id":24772,"date":"2015-02-14T18:46:34","date_gmt":"2015-02-14T21:46:34","guid":{"rendered":"http:\/\/argentinamunicipal.com.ar\/argentina\/?p=24772"},"modified":"2015-02-14T18:46:34","modified_gmt":"2015-02-14T21:46:34","slug":"comienza-el-debate-de-la-nueva-ley-de-mutuales-y-cooperativas","status":"publish","type":"post","link":"http:\/\/argentinamunicipal.com.ar\/argentina\/comienza-el-debate-de-la-nueva-ley-de-mutuales-y-cooperativas\/","title":{"rendered":"Comienza el debate de la nueva ley de mutuales y cooperativas"},"content":{"rendered":"<p><a href=\"http:\/\/argentinamunicipal.com.ar\/argentina\/wp-content\/uploads\/2015\/02\/180_f.jpg\"><img loading=\"lazy\" decoding=\"async\" class=\"aligncenter size-full wp-image-24773\" src=\"http:\/\/argentinamunicipal.com.ar\/argentina\/wp-content\/uploads\/2015\/02\/180_f.jpg\" alt=\"180_f\" width=\"510\" height=\"340\" srcset=\"http:\/\/argentinamunicipal.com.ar\/argentina\/wp-content\/uploads\/2015\/02\/180_f.jpg 510w, http:\/\/argentinamunicipal.com.ar\/argentina\/wp-content\/uploads\/2015\/02\/180_f-300x200.jpg 300w\" sizes=\"auto, (max-width: 510px) 100vw, 510px\" \/><\/a><br \/>\nSobre la base del borrador que el Instituto Nacional de Asociativismo y Econom\u00eda Social (INAES) pusiera a disposici\u00f3n de todas las mutuales y cooperativas del pa\u00eds en el mes de diciembre del a\u00f1o pasado, comenzar\u00e1 el debate para una nueva ley en el pa\u00eds sobre las mutuales y las cooperativas.<\/p>\n<p>En este marco, el diputado nacional por Entre R\u00edos, Fabian Rogel, y presidente de la Comisi\u00f3n de Asuntos Cooperativos, Mutuales y ONG de la C\u00e1mara de Diputados de la Naci\u00f3n, recibi\u00f3 ayer a los integrantes del Instituto de Promoci\u00f3n de la Econom\u00eda Solidaria (IPES), encabezado por su presidente Jos\u00e9 Orbaiceta, por Orlando Barquin y Nahum Mirad, secretario y vicepresidente de dicho instituto.<\/p>\n<p>En el encuentro los integrantes del IPES expresaron que conformaran 35 foros de discusi\u00f3n en todo el pa\u00eds, los cuales terminaran de definir el anteproyecto de la nueva ley de cooperativas y mutuales para la Rep\u00fablica Argentina que ser\u00e1 entregado a la comisi\u00f3n que preside el diputado Rogel, para que con la firma de todos los diputados de los distintos bloques pol\u00edticos de la C\u00e1mara sea presentado como proyecto de ley.<\/p>\n<p>Orbaiceta, en su car\u00e1cter de presidente del IPES, inform\u00f3 que el primer foro se realizar\u00e1 el pr\u00f3ximo 11 de marzo en la localidad santafesina de Sunchales (capital nacional de cooperativismo) al que especialmente invitaron al diputado Rogel en su calidad de presidente de la comisi\u00f3n, y cuyo cierre de los 35 foros se realizar\u00e1 en la ciudad de Rosario (capital nacional del mutualismo). Estos foros servir\u00e1n para que toda la dirigencia del pa\u00eds, en distintas regiones, recoja sus experiencias en cada uno de los sectores que trabajan y colaboren en la redacci\u00f3n final del proyecto de ley.<\/p>\n<p>Asimismo el legislador entrerriano se comprometi\u00f3 para recibir a todo el movimiento mutual y cooperativo en el seno de la comisi\u00f3n para el pr\u00f3ximo 17 y 18 de marzo.<\/p>\n<h6>Fuente: El Diario de Entre R\u00edos<\/h6>\n","protected":false},"excerpt":{"rendered":"<p>Sobre la base del borrador que el Instituto Nacional de Asociativismo y Econom\u00eda Social (INAES) pusiera a disposici\u00f3n de todas las mutuales y cooperativas del pa\u00eds en el mes de diciembre del a\u00f1o pasado, comenzar\u00e1 el debate para una nueva ley en el pa\u00eds sobre las mutuales y las cooperativas. En este marco, el diputado<\/p>\n","protected":false},"author":2,"featured_media":24773,"comment_status":"closed","ping_status":"closed","sticky":false,"template":"","format":"standard","meta":{"footnotes":""},"categories":[8],"tags":[21],"class_list":["post-24772","post","type-post","status-publish","format-standard","has-post-thumbnail","hentry","category-informe-nacional","tag-argentina"],"_links":{"self":[{"href":"http:\/\/argentinamunicipal.com.ar\/argentina\/wp-json\/wp\/v2\/posts\/24772","targetHints":{"allow":["GET"]}}],"collection":[{"href":"http:\/\/argentinamunicipal.com.ar\/argentina\/wp-json\/wp\/v2\/posts"}],"about":[{"href":"http:\/\/argentinamunicipal.com.ar\/argentina\/wp-json\/wp\/v2\/types\/post"}],"author":[{"embeddable":true,"href":"http:\/\/argentinamunicipal.com.ar\/argentina\/wp-json\/wp\/v2\/users\/2"}],"replies":[{"embeddable":true,"href":"http:\/\/argentinamunicipal.com.ar\/argentina\/wp-json\/wp\/v2\/comments?post=24772"}],"version-history":[{"count":0,"href":"http:\/\/argentinamunicipal.com.ar\/argentina\/wp-json\/wp\/v2\/posts\/24772\/revisions"}],"wp:featuredmedia":[{"embeddable":true,"href":"http:\/\/argentinamunicipal.com.ar\/argentina\/wp-json\/wp\/v2\/media\/24773"}],"wp:attachment":[{"href":"http:\/\/argentinamunicipal.com.ar\/argentina\/wp-json\/wp\/v2\/media?parent=24772"}],"wp:term":[{"taxonomy":"category","embeddable":true,"href":"http:\/\/argentinamunicipal.com.ar\/argentina\/wp-json\/wp\/v2\/categories?post=24772"},{"taxonomy":"post_tag","embeddable":true,"href":"http:\/\/argentinamunicipal.com.ar\/argentina\/wp-json\/wp\/v2\/tags?post=24772"}],"curies":[{"name":"wp","href":"https:\/\/api.w.org\/{rel}","templated":true}]}}