{"id":24822,"date":"2015-02-18T10:28:28","date_gmt":"2015-02-18T13:28:28","guid":{"rendered":"http:\/\/argentinamunicipal.com.ar\/argentina\/?p=24822"},"modified":"2015-02-18T10:28:28","modified_gmt":"2015-02-18T13:28:28","slug":"en-rosario-canjean-residuos-reciclables-por-verduras-organicas","status":"publish","type":"post","link":"http:\/\/argentinamunicipal.com.ar\/argentina\/en-rosario-canjean-residuos-reciclables-por-verduras-organicas\/","title":{"rendered":"En Rosario canjean residuos reciclables por verduras org\u00e1nicas"},"content":{"rendered":"<p><a href=\"http:\/\/argentinamunicipal.com.ar\/argentina\/wp-content\/uploads\/2015\/02\/82655_otras-localidades.jpg\"><img loading=\"lazy\" decoding=\"async\" class=\"alignleft size-full wp-image-24823\" src=\"http:\/\/argentinamunicipal.com.ar\/argentina\/wp-content\/uploads\/2015\/02\/82655_otras-localidades.jpg\" alt=\"82655_otras-localidades\" width=\"544\" height=\"293\" srcset=\"http:\/\/argentinamunicipal.com.ar\/argentina\/wp-content\/uploads\/2015\/02\/82655_otras-localidades.jpg 544w, http:\/\/argentinamunicipal.com.ar\/argentina\/wp-content\/uploads\/2015\/02\/82655_otras-localidades-300x162.jpg 300w\" sizes=\"auto, (max-width: 544px) 100vw, 544px\" \/><\/a>La iniciativa de ecocanje saludable se reeditar\u00e1 este a\u00f1o y arranca el viernes 20 de febrero en San Mart\u00edn y Ayolas, desde las 9 y hasta las 12. Luego proseguir\u00e1 en otros barrios de la ciudad.<\/p>\n<p>A igual que el a\u00f1o anterior, durante 2015 se realizar\u00e1 la campa\u00f1a ecocanje saludable que, organizada desde la Secretar\u00eda de Servicios P\u00fablicos y Medio Ambiente, permite a los vecinos acercarse a los sitios fijados en un cronograma con una bolsa mediana (tipo consorcio) de residuos reciclables. A cambio, les ser\u00e1 entregada una bolsa de dos kilos de verduras org\u00e1nicas provenientes del Programa de Agricultura Urbana, dependiente de la Secretar\u00eda de Promoci\u00f3n Social.<\/p>\n<p>\u00abEl objetivo de la actividad es involucrar activamente a los ciudadanos fomentando la separaci\u00f3n de residuos en el hogar para cuidar el medio ambiente y contribuyendo al desarrollo de la econom\u00eda solidaria. Todo esto se encuentra enmarcado en los procesos de planificaci\u00f3n estrat\u00e9gica que se desarrollan desde el Ejecutivo hace m\u00e1s de 15 a\u00f1os\u00bb, detall\u00f3 la subsecretaria de Medio Ambiente, Cecilia Mijich.<\/p>\n<p>\u00abNuestro plan apunta a mejorar el servicio de higiene, disminuir la cantidad de residuos enviados a disposici\u00f3n final a trav\u00e9s de la prevenci\u00f3n, minimizaci\u00f3n y valorizaci\u00f3n de los residuos. A trav\u00e9s de esta iniciativa las personas pueden llevarse una bolsa de verduras agroecol\u00f3gicas que garantizan una alimentaci\u00f3n m\u00e1s saludable\u00bb, se\u00f1al\u00f3 la funcionaria.<\/p>\n<p>Se recuerda que en las nueve jornadas concretadas durante 2014 participaron m\u00e1s de 2.500 rosarinos, quienes dejaron en promedio 3,5 kilos de residuos reciclables por persona. En total, acercaron unas nueve toneladas y media de residuos reciclables que fueron destinados a emprendimientos sociales.<\/p>\n<p>Durante este a\u00f1o, los ecocanjes saludables se realizar\u00e1n los viernes, cada dos semanas. Para consultas, comunicarse al 4802740, interno 372, o enviar un mail a separe@rosario.gov.ar<\/p>\n<p>Cronograma 2015<\/p>\n<p>20 de febrero. San Mart\u00edn y Ayolas, de 9 a 12.<br \/>\n6 de marzo. Plaza L\u00f3pez, en avenida Pellegrini y Laprida, de 16 a 19.<br \/>\n20 de marzo. Avenida Presidente Per\u00f3n y San Nicol\u00e1s, de 9 a 12.<br \/>\n10 de abril. Plaza Coronel Pringles, en Presidente Roca y C\u00f3rdoba, de 16 a 19.<br \/>\n24 de abril. Cuatro Plazas, en Mendoza y Provincias Unidas, de 9 a 12.<br \/>\n8 de mayo. Plaza 25 de Mayo, Santa Fe y Laprida, de 15 a 18.<br \/>\n22 de mayo. Plaza Alberdi, en bulevar Rondeau y Herrera, de 15 a 18.<br \/>\n5 de junio. Plaza Buratovich, en Cafferata y 3 de Febrero, de 9 a 12.<br \/>\n19 de junio. Bulevar Oro\u00f1o y Cura, de 9 a 12.<br \/>\n3 de julio. Plaza San Mart\u00edn, en Dorrego y C\u00f3rdoba, de 15 a 18.<\/p>\n<h6>Fuente: Sin Mordaza<\/h6>\n","protected":false},"excerpt":{"rendered":"<p>La iniciativa de ecocanje saludable se reeditar\u00e1 este a\u00f1o y arranca el viernes 20 de febrero en San Mart\u00edn y Ayolas, desde las 9 y hasta las 12. Luego proseguir\u00e1 en otros barrios de la ciudad. A igual que el a\u00f1o anterior, durante 2015 se realizar\u00e1 la campa\u00f1a ecocanje saludable que, organizada desde la Secretar\u00eda<\/p>\n","protected":false},"author":2,"featured_media":24823,"comment_status":"closed","ping_status":"closed","sticky":false,"template":"","format":"standard","meta":{"footnotes":""},"categories":[2],"tags":[10],"class_list":["post-24822","post","type-post","status-publish","format-standard","has-post-thumbnail","hentry","category-informe-municipal","tag-santa-fe"],"_links":{"self":[{"href":"http:\/\/argentinamunicipal.com.ar\/argentina\/wp-json\/wp\/v2\/posts\/24822","targetHints":{"allow":["GET"]}}],"collection":[{"href":"http:\/\/argentinamunicipal.com.ar\/argentina\/wp-json\/wp\/v2\/posts"}],"about":[{"href":"http:\/\/argentinamunicipal.com.ar\/argentina\/wp-json\/wp\/v2\/types\/post"}],"author":[{"embeddable":true,"href":"http:\/\/argentinamunicipal.com.ar\/argentina\/wp-json\/wp\/v2\/users\/2"}],"replies":[{"embeddable":true,"href":"http:\/\/argentinamunicipal.com.ar\/argentina\/wp-json\/wp\/v2\/comments?post=24822"}],"version-history":[{"count":0,"href":"http:\/\/argentinamunicipal.com.ar\/argentina\/wp-json\/wp\/v2\/posts\/24822\/revisions"}],"wp:featuredmedia":[{"embeddable":true,"href":"http:\/\/argentinamunicipal.com.ar\/argentina\/wp-json\/wp\/v2\/media\/24823"}],"wp:attachment":[{"href":"http:\/\/argentinamunicipal.com.ar\/argentina\/wp-json\/wp\/v2\/media?parent=24822"}],"wp:term":[{"taxonomy":"category","embeddable":true,"href":"http:\/\/argentinamunicipal.com.ar\/argentina\/wp-json\/wp\/v2\/categories?post=24822"},{"taxonomy":"post_tag","embeddable":true,"href":"http:\/\/argentinamunicipal.com.ar\/argentina\/wp-json\/wp\/v2\/tags?post=24822"}],"curies":[{"name":"wp","href":"https:\/\/api.w.org\/{rel}","templated":true}]}}