{"id":24835,"date":"2015-02-18T10:46:56","date_gmt":"2015-02-18T13:46:56","guid":{"rendered":"http:\/\/argentinamunicipal.com.ar\/argentina\/?p=24835"},"modified":"2015-02-18T10:46:56","modified_gmt":"2015-02-18T13:46:56","slug":"un-juez-federal-de-texas-puso-freno-las-medidas-migratorias-de-obama","status":"publish","type":"post","link":"http:\/\/argentinamunicipal.com.ar\/argentina\/un-juez-federal-de-texas-puso-freno-las-medidas-migratorias-de-obama\/","title":{"rendered":"Un juez federal de Texas puso freno a las medidas migratorias de Obama"},"content":{"rendered":"<p>El fallo, que se conoci\u00f3 ayer, se produjo dos d\u00edas antes de que iniciara el programa destinado a dar permisos de trabajo e impedir la deportaci\u00f3n de millones de j\u00f3venes indocumentados.<\/p>\n<p>Un juez federal del estado de Texas, decidi\u00f3 poner un freno a las medidas migratorias adoptadas por el presidente, Barack Obama, y suspender temporalmente un decreto que permit\u00eda la legalizaci\u00f3n de cerca de 5 millones de indocumentados en el pa\u00eds, en una decisi\u00f3n que ser\u00e1 apelada por la Casa Blanca, que la consider\u00f3 hoy contraria \u00abal sentido com\u00fan\u00bb.<\/p>\n<p>El fallo del juez texano, Andrew Scott Hanen, se conoci\u00f3 ayer, dos d\u00edas antes de que iniciara el programa destinado a dar permisos de trabajo e impedir la deportaci\u00f3n de millones de j\u00f3venes indocumentados, conocido como \u201cAcci\u00f3n Diferida para Llegados en la Infancia (DACA, sus siglas en ingl\u00e9s).<\/p>\n<p>Por su parte, la Casa Blanca rechaz\u00f3 el dictamen de Hanen y anunci\u00f3 que apelar\u00e1 la medida, se\u00f1alando que \u201cla Corte Suprema y el congreso dejaron en claro que el gobierno federal puede establecer las prioridades en la aplicaci\u00f3n de nuestras leyes migratorias\u201d.<\/p>\n<p>As\u00ed, \u201cla decisi\u00f3n de la corte federal impide err\u00f3neamente que entren en vigor estas pol\u00edticas legales y de sentido com\u00fan y el Departamento de Justicia indic\u00f3 que la apelar\u00e1\u201d, asegur\u00f3 hoy el portavoz de la Casa Blanca, John Earnest, a trav\u00e9s de un comunicado.<\/p>\n<p>La medida temporal del juez texano responde a la demanda presentada por 26 estados (entre ellos Texas) que se oponen a la orden ejecutiva anunciada a finales del mes de noviembre a la cual consideraron inconstitucional y que de aplicarse implicar\u00eda grandes costos para los presupuestos locales.<\/p>\n<p>Hanen, determin\u00f3 que los estados cumplieron con los requisitos legales m\u00ednimos para sus demandas y sostuvo que la administraci\u00f3n de Barack Obama no cumpli\u00f3 con los procedimientos administrativos b\u00e1sicos para poner ese programa en vigor, seg\u00fan detall\u00f3 el peri\u00f3dico New York Times.<\/p>\n<p>Ante la noticia, el gobierno mexicano emiti\u00f3 un comunicado en el que lament\u00f3 la suspensi\u00f3n temporal del programa de Acci\u00f3n Diferida as\u00ed como tambi\u00e9n el destinado a los padres indocumentados de hijos estadounidenses (DAPA, sus siglas en ingl\u00e9s), que deb\u00eda entrar en vigor en el mes de mayo.<\/p>\n<p>La Secretar\u00eda de Relaciones Exteriores de M\u00e9xico, indic\u00f3 que tanto su embajada en Estados Unidos como la red consular, se mantendr\u00e1n \u00abatentas a este proceso y al desarrollo de las siguientes etapas judiciales\u00bb y llam\u00f3 a la \u201ccomunidad mexicana a mantenerse informada sobre el desarrollo del proceso de revisi\u00f3n de esta decisi\u00f3n judicial por medio de fuentes oficiales\u201d, alert\u00e1ndola sobre \u201cposibles enga\u00f1os y fraudes migratorios\u201d.<\/p>\n<p>En la misma l\u00ednea que M\u00e9xico, ell gobierno de Guatemala inform\u00f3 que lamenta profundamente la suspensi\u00f3n temporal de la entrada en vigencia de las medidas migratorias anunciadas el a\u00f1o pasado por Obama, conocidas como DACA y DAPA aprobadas por el ejecutivo estadounidense que beneficiar\u00eda a la comunidad guatemalteca en aquel pa\u00eds.<\/p>\n<p>En un comunicado divulgado por el Ministerio de Relaciones Exteriores recomienda a los guatemaltecos en los Estados Unidos estar atentos e informarse sobre el desarrollo de este proceso, e informa que a trav\u00e9s de su red consular continuar\u00e1 informando, orientando y asistiendo a la comunidad sobre las acciones que se tomen respecto de la Acci\u00f3n Ejecutiva.<\/p>\n<p>Recomienda tambi\u00e9n a la comunidad guatemalteca informarse, prepararse y no dejarse sorprender por personas y organizaciones inescrupulosas que podr\u00edan tratar de sorprenderlos en su buena fe. Reitera su disposici\u00f3n de continuar brindando asistencia y protecci\u00f3n consular a trav\u00e9s de los consulados en los Estados Unidos, seg\u00fan consigna la agencia AGN.<\/p>\n<p>Por su parte, una organizaci\u00f3n de J\u00f3venes indocumentados de El Salvador, reconocieron hoy que ha sido un duro golpe la decisi\u00f3n judicial de suspender temporalmente el alivio migratorio, pero prometen luchar para defenderse de estos ataques antiinmigrantes.<\/p>\n<p>\u201cLa Acci\u00f3n Diferida (DACA) es todo ahorita para m\u00ed, porque es el que me est\u00e1 dando la oportunidad de ir a la universidad\u201d, dijo a Efe Dennis Melara.<\/p>\n<p>Este salvadore\u00f1o de 20 a\u00f1os es uno de los m\u00e1s de cinco millones de indocumentados favorecido por las medidas ejecutivas anunciadas en noviembre por Obama y que esperaba tramitar su permiso de trabajo este mi\u00e9rcoles, fecha en la que se abr\u00eda el plazo para la ampliaci\u00f3n de DACA, un plan ideado en 2012 y con el que se ha evitado la deportaci\u00f3n de m\u00e1s de medio mill\u00f3n de j\u00f3venes.<\/p>\n<h6>Fuente: T\u00e9lam<\/h6>\n","protected":false},"excerpt":{"rendered":"<p>El fallo, que se conoci\u00f3 ayer, se produjo dos d\u00edas antes de que iniciara el programa destinado a dar permisos de trabajo e impedir la deportaci\u00f3n de millones de j\u00f3venes indocumentados. Un juez federal del estado de Texas, decidi\u00f3 poner un freno a las medidas migratorias adoptadas por el presidente, Barack Obama, y suspender temporalmente<\/p>\n","protected":false},"author":2,"featured_media":0,"comment_status":"closed","ping_status":"closed","sticky":false,"template":"","format":"standard","meta":{"footnotes":""},"categories":[22],"tags":[57],"class_list":["post-24835","post","type-post","status-publish","format-standard","hentry","category-el-mundo","tag-el-mundo"],"_links":{"self":[{"href":"http:\/\/argentinamunicipal.com.ar\/argentina\/wp-json\/wp\/v2\/posts\/24835","targetHints":{"allow":["GET"]}}],"collection":[{"href":"http:\/\/argentinamunicipal.com.ar\/argentina\/wp-json\/wp\/v2\/posts"}],"about":[{"href":"http:\/\/argentinamunicipal.com.ar\/argentina\/wp-json\/wp\/v2\/types\/post"}],"author":[{"embeddable":true,"href":"http:\/\/argentinamunicipal.com.ar\/argentina\/wp-json\/wp\/v2\/users\/2"}],"replies":[{"embeddable":true,"href":"http:\/\/argentinamunicipal.com.ar\/argentina\/wp-json\/wp\/v2\/comments?post=24835"}],"version-history":[{"count":0,"href":"http:\/\/argentinamunicipal.com.ar\/argentina\/wp-json\/wp\/v2\/posts\/24835\/revisions"}],"wp:attachment":[{"href":"http:\/\/argentinamunicipal.com.ar\/argentina\/wp-json\/wp\/v2\/media?parent=24835"}],"wp:term":[{"taxonomy":"category","embeddable":true,"href":"http:\/\/argentinamunicipal.com.ar\/argentina\/wp-json\/wp\/v2\/categories?post=24835"},{"taxonomy":"post_tag","embeddable":true,"href":"http:\/\/argentinamunicipal.com.ar\/argentina\/wp-json\/wp\/v2\/tags?post=24835"}],"curies":[{"name":"wp","href":"https:\/\/api.w.org\/{rel}","templated":true}]}}