{"id":24892,"date":"2015-02-18T19:00:29","date_gmt":"2015-02-18T22:00:29","guid":{"rendered":"http:\/\/argentinamunicipal.com.ar\/argentina\/?p=24892"},"modified":"2015-02-19T08:22:33","modified_gmt":"2015-02-19T11:22:33","slug":"oficializan-la-creacion-del-sistema-de-monitoreo-de-abastecimiento-y-disponibilidad-de-bienes-e-insumos","status":"publish","type":"post","link":"http:\/\/argentinamunicipal.com.ar\/argentina\/oficializan-la-creacion-del-sistema-de-monitoreo-de-abastecimiento-y-disponibilidad-de-bienes-e-insumos\/","title":{"rendered":"Oficializan la creaci\u00f3n del Sistema de Monitoreo de Abastecimiento y Disponibilidad de Bienes e Insumos"},"content":{"rendered":"<p><a href=\"http:\/\/argentinamunicipal.com.ar\/argentina\/wp-content\/uploads\/2015\/02\/B9q3-uNIUAINdx9.png\"><img loading=\"lazy\" decoding=\"async\" class=\"aligncenter  wp-image-24893\" src=\"http:\/\/argentinamunicipal.com.ar\/argentina\/wp-content\/uploads\/2015\/02\/B9q3-uNIUAINdx9.png\" alt=\"B9q3-uNIUAINdx9\" width=\"520\" height=\"520\" srcset=\"http:\/\/argentinamunicipal.com.ar\/argentina\/wp-content\/uploads\/2015\/02\/B9q3-uNIUAINdx9.png 600w, http:\/\/argentinamunicipal.com.ar\/argentina\/wp-content\/uploads\/2015\/02\/B9q3-uNIUAINdx9-150x150.png 150w, http:\/\/argentinamunicipal.com.ar\/argentina\/wp-content\/uploads\/2015\/02\/B9q3-uNIUAINdx9-300x300.png 300w, http:\/\/argentinamunicipal.com.ar\/argentina\/wp-content\/uploads\/2015\/02\/B9q3-uNIUAINdx9-50x50.png 50w\" sizes=\"auto, (max-width: 520px) 100vw, 520px\" \/><\/a><br \/>\nLa medida -anunciada la semana pasada por el ministro de Econom\u00eda, Axel Kicillof- servir\u00e1 para dotar de informaci\u00f3n sobre precios, costos y niveles de producci\u00f3n y abastecimiento al Observatorio de Precios.<\/p>\n<p>El Gobierno oficializ\u00f3 hoy la creaci\u00f3n del \u00abSistema de Monitoreo de Abastecimiento y Disponibilidad de Bienes e Insumos\u00bb (SIMONA), para dotar de informaci\u00f3n sobre precios, costos y niveles de producci\u00f3n y abastecimiento al Observatorio de Precios.<\/p>\n<p>La medida -anunciada la semana pasada por el ministro de Econom\u00eda, Axel Kicillof- fue dispuesta a trav\u00e9s de la resoluci\u00f3n 17\/2015 de la Secretar\u00eda de Comercio, en el marco de las modificaciones a las leyes de consumo aprobadas el a\u00f1o anterior por el Congreso Nacional.<\/p>\n<p>El SIMONA tiene como objeto \u201cdetectar de modo preventivo las contingencias que pudieran ocurrir en el proceso productivo, distributivo y\/o de comercializaci\u00f3n, con potencial para afectar sustancialmente el normal abastecimiento de insumos y\/o bienes finales\u201d y evitar faltantes, precisa el art\u00edculo segundo de la norma.<\/p>\n<p>La informaci\u00f3n obtenida por el sistema permitir\u00e1 \u201cneutralizar los efectos distorsivos generados por la afectaci\u00f3n al normal abastecimiento de insumos y\/o bienes finales, en resguardo de los intereses de los usuarios y consumidores en punto a sus expectativas y necesidades de consumo as\u00ed como tambi\u00e9n en pos de asegurar la transparencia y efectiva competencia del mercado\u201d.<\/p>\n<p>Aclara que todas las empresas productoras y\/o distribuidoras de insumos y\/o bienes finales deber\u00e1n informar a la secretar\u00eda de Comercio acerca de cualquier impedimento en el proceso productivo y\/o distributivo susceptible de afectar sustancialmente la normal provisi\u00f3n de los productos objeto de su actividad.<\/p>\n<p>Las compa\u00f1\u00edas deber\u00e1n informar el alerta por medio del sistema inform\u00e1tico SIMONA dentro de las 48 horas de haber tomado conocimiento de cualquier tipo de inconveniente sobre el normal abastecimiento, cualesquiera sean sus or\u00edgenes y naturaleza.<\/p>\n<p>Deber\u00e1n indicar el alerta completando y enviando el correspondiente formulario electr\u00f3nico a trav\u00e9s del sitio web www.mecon.gob.ar\/comerciointerior\/simona.<\/p>\n<p>Quedan exceptuados de la obligaci\u00f3n de informaci\u00f3n las Micro, Peque\u00f1as o Medianas Empresas (MIPyMES).<\/p>\n<h6>Fuente: T\u00e9lam<\/h6>\n","protected":false},"excerpt":{"rendered":"<p>La medida -anunciada la semana pasada por el ministro de Econom\u00eda, Axel Kicillof- servir\u00e1 para dotar de informaci\u00f3n sobre precios, costos y niveles de producci\u00f3n y abastecimiento al Observatorio de Precios. El Gobierno oficializ\u00f3 hoy la creaci\u00f3n del \u00abSistema de Monitoreo de Abastecimiento y Disponibilidad de Bienes e Insumos\u00bb (SIMONA), para dotar de informaci\u00f3n sobre<\/p>\n","protected":false},"author":2,"featured_media":24893,"comment_status":"closed","ping_status":"closed","sticky":false,"template":"","format":"standard","meta":{"footnotes":""},"categories":[8],"tags":[21],"class_list":["post-24892","post","type-post","status-publish","format-standard","has-post-thumbnail","hentry","category-informe-nacional","tag-argentina"],"_links":{"self":[{"href":"http:\/\/argentinamunicipal.com.ar\/argentina\/wp-json\/wp\/v2\/posts\/24892","targetHints":{"allow":["GET"]}}],"collection":[{"href":"http:\/\/argentinamunicipal.com.ar\/argentina\/wp-json\/wp\/v2\/posts"}],"about":[{"href":"http:\/\/argentinamunicipal.com.ar\/argentina\/wp-json\/wp\/v2\/types\/post"}],"author":[{"embeddable":true,"href":"http:\/\/argentinamunicipal.com.ar\/argentina\/wp-json\/wp\/v2\/users\/2"}],"replies":[{"embeddable":true,"href":"http:\/\/argentinamunicipal.com.ar\/argentina\/wp-json\/wp\/v2\/comments?post=24892"}],"version-history":[{"count":0,"href":"http:\/\/argentinamunicipal.com.ar\/argentina\/wp-json\/wp\/v2\/posts\/24892\/revisions"}],"wp:featuredmedia":[{"embeddable":true,"href":"http:\/\/argentinamunicipal.com.ar\/argentina\/wp-json\/wp\/v2\/media\/24893"}],"wp:attachment":[{"href":"http:\/\/argentinamunicipal.com.ar\/argentina\/wp-json\/wp\/v2\/media?parent=24892"}],"wp:term":[{"taxonomy":"category","embeddable":true,"href":"http:\/\/argentinamunicipal.com.ar\/argentina\/wp-json\/wp\/v2\/categories?post=24892"},{"taxonomy":"post_tag","embeddable":true,"href":"http:\/\/argentinamunicipal.com.ar\/argentina\/wp-json\/wp\/v2\/tags?post=24892"}],"curies":[{"name":"wp","href":"https:\/\/api.w.org\/{rel}","templated":true}]}}