{"id":24922,"date":"2015-02-19T09:09:50","date_gmt":"2015-02-19T12:09:50","guid":{"rendered":"http:\/\/argentinamunicipal.com.ar\/argentina\/?p=24922"},"modified":"2015-02-19T09:09:50","modified_gmt":"2015-02-19T12:09:50","slug":"santa-fe-volvemos-ver-el-puerto-funcionando-y-eso-es-una-muy-buena-noticia","status":"publish","type":"post","link":"http:\/\/argentinamunicipal.com.ar\/argentina\/santa-fe-volvemos-ver-el-puerto-funcionando-y-eso-es-una-muy-buena-noticia\/","title":{"rendered":"Santa Fe: \u201cVolvemos a ver el puerto funcionando y eso es una muy buena noticia\u201d"},"content":{"rendered":"<p><a href=\"http:\/\/argentinamunicipal.com.ar\/argentina\/wp-content\/uploads\/2015\/02\/silos_1.jpg_2069580699.jpg\"><img loading=\"lazy\" decoding=\"async\" class=\"aligncenter  wp-image-24923\" src=\"http:\/\/argentinamunicipal.com.ar\/argentina\/wp-content\/uploads\/2015\/02\/silos_1.jpg_2069580699.jpg\" alt=\"silos_1.jpg_2069580699\" width=\"657\" height=\"438\" srcset=\"http:\/\/argentinamunicipal.com.ar\/argentina\/wp-content\/uploads\/2015\/02\/silos_1.jpg_2069580699.jpg 761w, http:\/\/argentinamunicipal.com.ar\/argentina\/wp-content\/uploads\/2015\/02\/silos_1.jpg_2069580699-300x200.jpg 300w\" sizes=\"auto, (max-width: 657px) 100vw, 657px\" \/><\/a><br \/>\nLo dijo el Intendente, al observar junto al presidente del Ente Administrador del Puerto de Santa Fe, Sebasti\u00e1n Fumis las operaciones de descarga de trigo en el sector Elevadores, en el Dique I.<\/p>\n<p>El Puerto local cerr\u00f3 un contrato con la Sociedad cooperativa Agricultores Federados Argentinos (AFA) para almacenar 45 mil toneladas de trigo. En ese marco, el intendente Jos\u00e9 Corral; el presidente del Puerto de Santa Fe, Sebasti\u00e1n Fumis; y gerente de AFA, Jorge Gavazzi, junto a funcionarios y operarios de la terminal portuaria santafesina, observaron el inicio de las operaciones de descarga en la zona de elevadores, en el Dique I.<\/p>\n<p>La operatoria implica el ingreso al Puerto de 1.500 camiones durante los pr\u00f3ximos 45 d\u00edas -a raz\u00f3n de 30 camiones diarios de descarga-, lo que implica el procesar unas 900 toneladas diarias de cereal. Las 45 mil toneladas de trigo mantendr\u00e1n ocupado el 80 % de la capacidad de los silos de los elevadores aproximadamente hasta octubre, lo que implica tambi\u00e9n la operaci\u00f3n de transilado cada 45 d\u00edas de los granos recibidos.<\/p>\n<p>\u201cVolvemos a ver el Puerto funcionando y eso es una muy buena noticia, porque significa actividad econ\u00f3mica y empleo\u201d, destac\u00f3 al intendente Jos\u00e9 Corral. En medio de una intensa actividad sobre la playa de maniobra y en los puntos de descarga, el mandatario local record\u00f3 la importancia de recuperar aquellas im\u00e1genes de anta\u00f1o del \u201cpuerto funcionando en la \u00e9poca de cosecha y con los camiones entrando y saliendo de esta zona\u201d.<\/p>\n<p>Estrat\u00e9gico<\/p>\n<p>Jos\u00e9 Corral destac\u00f3 la importancia del acuerdo, porque ello \u201csignifica que se puede, si se hacen bien las cosas y si se conecta la producci\u00f3n con las necesidades de log\u00edstica, recuperar esta actividad, a\u00fan con las dificultades de navegaci\u00f3n que tenemos en esta ubicaci\u00f3n actual\u201d.<\/p>\n<p>En este sentido Jos\u00e9 Corral resalt\u00f3 la importancia estrat\u00e9gica de la nueva ubicaci\u00f3n de la terminal portuaria sobre el cauce principal del r\u00edo. \u201cEste proyecto, que es el Puerto de Santa Fe, tiene mucho para dar y es ya una realidad. Esperamos que en las pr\u00f3ximas semanas, cuando vence el plazo de la licitaci\u00f3n, tengamos algunas propuestas para que en los pr\u00f3ximos a\u00f1os comience a funcionar\u201d, se\u00f1al\u00f3 Corral.<\/p>\n<p>Capacidad<\/p>\n<p>Por su parte el presidente del directorio del Puerto de Santa Fe, Sebasti\u00e1n Fumis, destac\u00f3 \u201cla importancia de tener este lugar estrat\u00e9gico para dar cabida a la necesidad de almacenaje que tiene la regi\u00f3n de Santa Fe y Entre R\u00edos para atender la mayor producci\u00f3n agr\u00edcola y a la espera de que puedan concretarse operaciones de comercio exterior que generen la llegada de buques y barcos\u201d.<br \/>\nEn ese sentido se\u00f1al\u00f3 que paralelamente a las posibilidades que hoy se brinda de almacenaje del cereal, se trabaja \u201ctambi\u00e9n en la log\u00edstica para poder transportarlo por v\u00eda fluvial, lo que es un agregado que estamos buscando. Somos conscientes que si en las actuales condiciones y con las instalaciones que tiene este puerto brindamos alternativas de \u00e9xito, mucho m\u00e1s lo va a lograr en la nueva ubicaci\u00f3n en el cauce principal del r\u00edo\u201d, dijo Fumis en consonancia con las declaraciones de Jos\u00e9 Corral.<\/p>\n<p>Importancia<\/p>\n<p>En representaci\u00f3n de Agricultores Federados Argentinos de Santa Fe, su gerente, Jorge Gavazzi, indic\u00f3 que \u201cla Cooperativa necesitaba tener un espacio para seguir acopiando la mercader\u00eda de los asociados y el Puerto de Santa Fe nos dio la posibilidad de poder almacenar por un tiempo determinado nuestro trigo en estas instalaciones, para que en un futuro no muy lejano se pueda exportar o bien distribuir a los molinos harineros de la regi\u00f3n, que es lo que hemos hecho durante estos \u00faltimos a\u00f1os\u201d detall\u00f3.<\/p>\n<p>Asimismo el titular de AFA destac\u00f3 la muy buena relaci\u00f3n con el Ente Administrador que ya permiti\u00f3 concretar la misma operatoria en 2011 y 2012. \u201cCreemos que tenemos que unirnos los privados junto con los entes del estado para poder darle un impulso a este Puerto que es de vital importancia para la regi\u00f3n norte de la provincia y del pa\u00eds tambi\u00e9n\u201d asegur\u00f3 Gavazzi.<\/p>\n<h6>Fuente: Uno, Santa Fe<\/h6>\n","protected":false},"excerpt":{"rendered":"<p>Lo dijo el Intendente, al observar junto al presidente del Ente Administrador del Puerto de Santa Fe, Sebasti\u00e1n Fumis las operaciones de descarga de trigo en el sector Elevadores, en el Dique I. El Puerto local cerr\u00f3 un contrato con la Sociedad cooperativa Agricultores Federados Argentinos (AFA) para almacenar 45 mil toneladas de trigo. En<\/p>\n","protected":false},"author":2,"featured_media":24923,"comment_status":"closed","ping_status":"closed","sticky":false,"template":"","format":"standard","meta":{"footnotes":""},"categories":[2],"tags":[10],"class_list":["post-24922","post","type-post","status-publish","format-standard","has-post-thumbnail","hentry","category-informe-municipal","tag-santa-fe"],"_links":{"self":[{"href":"http:\/\/argentinamunicipal.com.ar\/argentina\/wp-json\/wp\/v2\/posts\/24922","targetHints":{"allow":["GET"]}}],"collection":[{"href":"http:\/\/argentinamunicipal.com.ar\/argentina\/wp-json\/wp\/v2\/posts"}],"about":[{"href":"http:\/\/argentinamunicipal.com.ar\/argentina\/wp-json\/wp\/v2\/types\/post"}],"author":[{"embeddable":true,"href":"http:\/\/argentinamunicipal.com.ar\/argentina\/wp-json\/wp\/v2\/users\/2"}],"replies":[{"embeddable":true,"href":"http:\/\/argentinamunicipal.com.ar\/argentina\/wp-json\/wp\/v2\/comments?post=24922"}],"version-history":[{"count":0,"href":"http:\/\/argentinamunicipal.com.ar\/argentina\/wp-json\/wp\/v2\/posts\/24922\/revisions"}],"wp:featuredmedia":[{"embeddable":true,"href":"http:\/\/argentinamunicipal.com.ar\/argentina\/wp-json\/wp\/v2\/media\/24923"}],"wp:attachment":[{"href":"http:\/\/argentinamunicipal.com.ar\/argentina\/wp-json\/wp\/v2\/media?parent=24922"}],"wp:term":[{"taxonomy":"category","embeddable":true,"href":"http:\/\/argentinamunicipal.com.ar\/argentina\/wp-json\/wp\/v2\/categories?post=24922"},{"taxonomy":"post_tag","embeddable":true,"href":"http:\/\/argentinamunicipal.com.ar\/argentina\/wp-json\/wp\/v2\/tags?post=24922"}],"curies":[{"name":"wp","href":"https:\/\/api.w.org\/{rel}","templated":true}]}}