{"id":24928,"date":"2015-02-19T09:15:59","date_gmt":"2015-02-19T12:15:59","guid":{"rendered":"http:\/\/argentinamunicipal.com.ar\/argentina\/?p=24928"},"modified":"2015-02-19T09:15:59","modified_gmt":"2015-02-19T12:15:59","slug":"arranca-la-paritaria-salarial-en-la-municipalidad-de-federacion","status":"publish","type":"post","link":"http:\/\/argentinamunicipal.com.ar\/argentina\/arranca-la-paritaria-salarial-en-la-municipalidad-de-federacion\/","title":{"rendered":"Arranca la paritaria salarial en la Municipalidad de Federaci\u00f3n"},"content":{"rendered":"<p><a href=\"http:\/\/argentinamunicipal.com.ar\/argentina\/wp-content\/uploads\/2015\/02\/apfdigital_247436_tapa_1822015_121633.jpg\"><img loading=\"lazy\" decoding=\"async\" class=\"alignright size-full wp-image-24929\" src=\"http:\/\/argentinamunicipal.com.ar\/argentina\/wp-content\/uploads\/2015\/02\/apfdigital_247436_tapa_1822015_121633.jpg\" alt=\"apfdigital_247436_tapa_1822015_121633\" width=\"499\" height=\"329\" srcset=\"http:\/\/argentinamunicipal.com.ar\/argentina\/wp-content\/uploads\/2015\/02\/apfdigital_247436_tapa_1822015_121633.jpg 499w, http:\/\/argentinamunicipal.com.ar\/argentina\/wp-content\/uploads\/2015\/02\/apfdigital_247436_tapa_1822015_121633-300x198.jpg 300w\" sizes=\"auto, (max-width: 499px) 100vw, 499px\" \/><\/a>Los empleados municipales de Federaci\u00f3n y las autoridades de la comuna se reunir\u00e1n este jueves a las 11 para negociar salarios \u2022 As\u00ed lo inform\u00f3 a APFDigital el secretario General de la Asociaci\u00f3n de Empleados Municipales de Federaci\u00f3n (Aemfe), Adolfo Rigoni, y adelant\u00f3 que tienen \u201cbuenas expectativas\u201d respecto al resultado de estas paritarias \u2022 Los trabajadores esperan obtener una suba del 20 por ciento para el primer trimestre del a\u00f1o<\/p>\n<p>La primera reuni\u00f3n de la paritaria salarial tendr\u00e1 lugar este jueves 19 de febrero a las 11 en la Municipalidad. El gremio que nuclea a los empleados municipales tendr\u00e1 como interlocutores al intendente Carlos Cecco y el secretario de Gobierno, Jorge Tajes.<\/p>\n<p>El titular de Aemfe dijo que tienen \u201cbuenas expectativas\u201d respecto al resultado de la negociaci\u00f3n, por la buena situaci\u00f3n econ\u00f3mica del Municipio.<\/p>\n<p>Seg\u00fan se\u00f1al\u00f3, subi\u00f3 el costo para ingresar a las termas y en enero se registr\u00f3 un r\u00e9cord de venta de entradas. Tambi\u00e9n subieron las tasas y \u201cel a\u00f1o pasado hubo una recaudaci\u00f3n hist\u00f3rica, del 98 por ciento\u201d, acot\u00f3 Rigoni. \u201cA eso se suma que el Municipio tiene menos gasto en combustible, que bajaron en noviembre\u201d, agreg\u00f3. Apunt\u00f3 que todo esto les da \u201ccierta expectativa\u201d de que se les conceda lo solicitado.<\/p>\n<p>Puntualmente, los empleados esperan que la suba del 20 por ciento presupuestado para todo el a\u00f1o, se les otorgue en el primer trimestre. Y que la suba anual alcance al 30 por ciento. \u201cCreemos que la Municipalidad econ\u00f3micamente est\u00e1 muy bien y puede afrontar el pedido\u201d, dijo el sindicalista a esta Agencia.<\/p>\n<p>Record\u00f3 por \u00faltimo que el salario \u201cdel empleado municipal que menos gana\u201d actualmente es de 4.300 pesos.<\/p>\n<h6>Fuente: APF Digital<\/h6>\n","protected":false},"excerpt":{"rendered":"<p>Los empleados municipales de Federaci\u00f3n y las autoridades de la comuna se reunir\u00e1n este jueves a las 11 para negociar salarios \u2022 As\u00ed lo inform\u00f3 a APFDigital el secretario General de la Asociaci\u00f3n de Empleados Municipales de Federaci\u00f3n (Aemfe), Adolfo Rigoni, y adelant\u00f3 que tienen \u201cbuenas expectativas\u201d respecto al resultado de estas paritarias \u2022 Los<\/p>\n","protected":false},"author":2,"featured_media":24929,"comment_status":"closed","ping_status":"closed","sticky":false,"template":"","format":"standard","meta":{"footnotes":""},"categories":[7],"tags":[17],"class_list":["post-24928","post","type-post","status-publish","format-standard","has-post-thumbnail","hentry","category-informe-sindical","tag-entre-rios"],"_links":{"self":[{"href":"http:\/\/argentinamunicipal.com.ar\/argentina\/wp-json\/wp\/v2\/posts\/24928","targetHints":{"allow":["GET"]}}],"collection":[{"href":"http:\/\/argentinamunicipal.com.ar\/argentina\/wp-json\/wp\/v2\/posts"}],"about":[{"href":"http:\/\/argentinamunicipal.com.ar\/argentina\/wp-json\/wp\/v2\/types\/post"}],"author":[{"embeddable":true,"href":"http:\/\/argentinamunicipal.com.ar\/argentina\/wp-json\/wp\/v2\/users\/2"}],"replies":[{"embeddable":true,"href":"http:\/\/argentinamunicipal.com.ar\/argentina\/wp-json\/wp\/v2\/comments?post=24928"}],"version-history":[{"count":0,"href":"http:\/\/argentinamunicipal.com.ar\/argentina\/wp-json\/wp\/v2\/posts\/24928\/revisions"}],"wp:featuredmedia":[{"embeddable":true,"href":"http:\/\/argentinamunicipal.com.ar\/argentina\/wp-json\/wp\/v2\/media\/24929"}],"wp:attachment":[{"href":"http:\/\/argentinamunicipal.com.ar\/argentina\/wp-json\/wp\/v2\/media?parent=24928"}],"wp:term":[{"taxonomy":"category","embeddable":true,"href":"http:\/\/argentinamunicipal.com.ar\/argentina\/wp-json\/wp\/v2\/categories?post=24928"},{"taxonomy":"post_tag","embeddable":true,"href":"http:\/\/argentinamunicipal.com.ar\/argentina\/wp-json\/wp\/v2\/tags?post=24928"}],"curies":[{"name":"wp","href":"https:\/\/api.w.org\/{rel}","templated":true}]}}