{"id":24931,"date":"2015-02-19T09:23:44","date_gmt":"2015-02-19T12:23:44","guid":{"rendered":"http:\/\/argentinamunicipal.com.ar\/argentina\/?p=24931"},"modified":"2015-02-19T09:23:44","modified_gmt":"2015-02-19T12:23:44","slug":"villarino-toma-una-medida-para-combatir-el-trabajo-infantil","status":"publish","type":"post","link":"http:\/\/argentinamunicipal.com.ar\/argentina\/villarino-toma-una-medida-para-combatir-el-trabajo-infantil\/","title":{"rendered":"Villarino toma una medida para combatir el trabajo infantil"},"content":{"rendered":"<p><a href=\"http:\/\/argentinamunicipal.com.ar\/argentina\/wp-content\/uploads\/2015\/02\/jardininfantil2_144228.jpg\"><img loading=\"lazy\" decoding=\"async\" class=\"aligncenter size-full wp-image-24932\" src=\"http:\/\/argentinamunicipal.com.ar\/argentina\/wp-content\/uploads\/2015\/02\/jardininfantil2_144228.jpg\" alt=\"jardininfantil2_144228\" width=\"600\" height=\"400\" srcset=\"http:\/\/argentinamunicipal.com.ar\/argentina\/wp-content\/uploads\/2015\/02\/jardininfantil2_144228.jpg 600w, http:\/\/argentinamunicipal.com.ar\/argentina\/wp-content\/uploads\/2015\/02\/jardininfantil2_144228-300x200.jpg 300w\" sizes=\"auto, (max-width: 600px) 100vw, 600px\" \/><\/a><br \/>\nSe trata de una nueva sala para el cuidado de chicos en la guarder\u00eda municipal de Mayor Buratovich.<\/p>\n<p>Con la finalidad de contribuir a la erradicaci\u00f3n del trabajo infantil en la zona cebollera, el municipio de Villarino inaugurar\u00e1 hoy una nueva sala para el cuidado de ni\u00f1os en la guarder\u00eda municipal Rayos de Esperanza, de Mayor Buratovich.<\/p>\n<p>El acto ser\u00e1 a las 10. Seg\u00fan se inform\u00f3, la sala llevar\u00e1 el nombre del exdelegado regional del ministerio de Trabajo Carlos Arrigoni, quien falleci\u00f3 d\u00edas atr\u00e1s a los 62 a\u00f1os de edad.<\/p>\n<p>\u201cSer\u00e1 un homenaje a un dirigente regional que impuls\u00f3 pol\u00edticas para la erradicaci\u00f3n del trabajo infantil en la zona cebollera\u201d, explic\u00f3 la intendenta Patricia Cobello, quien presidir\u00e1 el acto de hoy.<\/p>\n<p>Durante el encuentro tambi\u00e9n se oficializar\u00e1 la firma de un convenio entre la subsecretar\u00eda de Desarrollo Social y la secretar\u00eda de Gesti\u00f3n P\u00fablica de Villarino con el Registro Nacional de Trabajadores Agrarios (Renatea), a fin de ampliar los servicios de cuidado de los hijos de los jornaleros.<\/p>\n<p>Esta medida fue impulsada a trav\u00e9s del programa Cuidar, de Renatea, en respuesta a las necesidades planteadas por los trabajadores agrarios acerca de contar con un espacio de cuidado y contenci\u00f3n para sus hijos en los tres meses m\u00e1s activos de la temporada de recolecci\u00f3n y producci\u00f3n de cebolla.<\/p>\n<p>Mientras tanto, el municipio contin\u00faa inscribiendo en el Registro Unico de Contratista Rurales a los transportistas o cuadrilleros que deseen prestar su servicio durante la cosecha de cebolla 2015. El tr\u00e1mite se realiza en las delegaciones de Mayor Buratovich, Hilario Ascasubi y Pedro Luro.<\/p>\n<h6>Fuente: La Nueva<\/h6>\n","protected":false},"excerpt":{"rendered":"<p>Se trata de una nueva sala para el cuidado de chicos en la guarder\u00eda municipal de Mayor Buratovich. Con la finalidad de contribuir a la erradicaci\u00f3n del trabajo infantil en la zona cebollera, el municipio de Villarino inaugurar\u00e1 hoy una nueva sala para el cuidado de ni\u00f1os en la guarder\u00eda municipal Rayos de Esperanza, de<\/p>\n","protected":false},"author":2,"featured_media":24932,"comment_status":"closed","ping_status":"closed","sticky":false,"template":"","format":"standard","meta":{"footnotes":""},"categories":[2],"tags":[12],"class_list":["post-24931","post","type-post","status-publish","format-standard","has-post-thumbnail","hentry","category-informe-municipal","tag-buenos-aires"],"_links":{"self":[{"href":"http:\/\/argentinamunicipal.com.ar\/argentina\/wp-json\/wp\/v2\/posts\/24931","targetHints":{"allow":["GET"]}}],"collection":[{"href":"http:\/\/argentinamunicipal.com.ar\/argentina\/wp-json\/wp\/v2\/posts"}],"about":[{"href":"http:\/\/argentinamunicipal.com.ar\/argentina\/wp-json\/wp\/v2\/types\/post"}],"author":[{"embeddable":true,"href":"http:\/\/argentinamunicipal.com.ar\/argentina\/wp-json\/wp\/v2\/users\/2"}],"replies":[{"embeddable":true,"href":"http:\/\/argentinamunicipal.com.ar\/argentina\/wp-json\/wp\/v2\/comments?post=24931"}],"version-history":[{"count":0,"href":"http:\/\/argentinamunicipal.com.ar\/argentina\/wp-json\/wp\/v2\/posts\/24931\/revisions"}],"wp:featuredmedia":[{"embeddable":true,"href":"http:\/\/argentinamunicipal.com.ar\/argentina\/wp-json\/wp\/v2\/media\/24932"}],"wp:attachment":[{"href":"http:\/\/argentinamunicipal.com.ar\/argentina\/wp-json\/wp\/v2\/media?parent=24931"}],"wp:term":[{"taxonomy":"category","embeddable":true,"href":"http:\/\/argentinamunicipal.com.ar\/argentina\/wp-json\/wp\/v2\/categories?post=24931"},{"taxonomy":"post_tag","embeddable":true,"href":"http:\/\/argentinamunicipal.com.ar\/argentina\/wp-json\/wp\/v2\/tags?post=24931"}],"curies":[{"name":"wp","href":"https:\/\/api.w.org\/{rel}","templated":true}]}}