{"id":24955,"date":"2015-02-19T09:54:55","date_gmt":"2015-02-19T12:54:55","guid":{"rendered":"http:\/\/argentinamunicipal.com.ar\/argentina\/?p=24955"},"modified":"2015-02-19T09:54:55","modified_gmt":"2015-02-19T12:54:55","slug":"municipales-de-victoria-acordaron-un-incremento-salarial-del-33-por-ciento","status":"publish","type":"post","link":"http:\/\/argentinamunicipal.com.ar\/argentina\/municipales-de-victoria-acordaron-un-incremento-salarial-del-33-por-ciento\/","title":{"rendered":"Municipales de Victoria acordaron un incremento salarial del 33 por ciento"},"content":{"rendered":"<p><a href=\"http:\/\/argentinamunicipal.com.ar\/argentina\/wp-content\/uploads\/2015\/02\/apfdigital_247465_tapa_1822015_185652.jpg\"><img loading=\"lazy\" decoding=\"async\" class=\"aligncenter size-full wp-image-24956\" src=\"http:\/\/argentinamunicipal.com.ar\/argentina\/wp-content\/uploads\/2015\/02\/apfdigital_247465_tapa_1822015_185652.jpg\" alt=\"apfdigital_247465_tapa_1822015_185652\" width=\"671\" height=\"450\" srcset=\"http:\/\/argentinamunicipal.com.ar\/argentina\/wp-content\/uploads\/2015\/02\/apfdigital_247465_tapa_1822015_185652.jpg 671w, http:\/\/argentinamunicipal.com.ar\/argentina\/wp-content\/uploads\/2015\/02\/apfdigital_247465_tapa_1822015_185652-300x201.jpg 300w\" sizes=\"auto, (max-width: 671px) 100vw, 671px\" \/><\/a><\/p>\n<p>Trabajadores de Victoria acordaron con las autoridades municipales un incremento salarial del 33,2 por ciento, a pagar en dos cuotas, una en marzo y otra en julio \u00b7 Las negociaciones continuar\u00e1n esta semana, ya que resta acordar la cantidad de pases a planta permanente que se otorgar\u00e1n, seg\u00fan dijo a APFDigital el vocal del Sindicato de Obreros y Empleados Municipales de Victoria Entre R\u00edos (Soemver), Rutilio Aquino<\/p>\n<p>\u201cLuego de varias reuniones que mantuvimos con el Intendente, acordamos un 33,2 por ciento de aumento salarial para el 2015. Se dividir\u00e1 en dos partes: desde el 1\u00ba de marzo habr\u00e1 un incremento de 20 por ciento, mientras que el 1\u00ba de julio habr\u00e1 otro del 11 por ciento\u201d, inform\u00f3 Aquino.<\/p>\n<p>Seg\u00fan el representante, el reclamo inicial era de un 35 por ciento de recomposici\u00f3n: \u201cSin embargo, lo que logramos se acerca bastante\u201d, acot\u00f3.<\/p>\n<p>\u201cAdem\u00e1s, ped\u00edamos nombramientos, es decir, pases a planta permanente, recategorizaciones para el personal, reordenamiento, llamados a concurso para las distintas categor\u00edas de jefes, ya que la carrera administrativa estaba un poco estancada. Todo entr\u00f3 en el paquete salarial\u201d, detall\u00f3.<\/p>\n<p>Adem\u00e1s, el sindicalista cont\u00f3 que entre este jueves y viernes se reunir\u00e1n nuevamente con el Intendente, ya que quedaron \u201ctrabadas\u201d las negociaciones por los nombramientos: \u201cPedimos una determinada cantidad de pases a planta permanente y no nos ponemos de acuerdo, pero ya estamos a punto de cerrar\u201d, finaliz\u00f3 Aquino en di\u00e1logo con esta Agencia.<\/p>\n<h6>Fuente: APF Digital<\/h6>\n","protected":false},"excerpt":{"rendered":"<p>Trabajadores de Victoria acordaron con las autoridades municipales un incremento salarial del 33,2 por ciento, a pagar en dos cuotas, una en marzo y otra en julio \u00b7 Las negociaciones continuar\u00e1n esta semana, ya que resta acordar la cantidad de pases a planta permanente que se otorgar\u00e1n, seg\u00fan dijo a APFDigital el vocal del Sindicato<\/p>\n","protected":false},"author":2,"featured_media":24956,"comment_status":"closed","ping_status":"closed","sticky":false,"template":"","format":"standard","meta":{"footnotes":""},"categories":[7],"tags":[17],"class_list":["post-24955","post","type-post","status-publish","format-standard","has-post-thumbnail","hentry","category-informe-sindical","tag-entre-rios"],"_links":{"self":[{"href":"http:\/\/argentinamunicipal.com.ar\/argentina\/wp-json\/wp\/v2\/posts\/24955","targetHints":{"allow":["GET"]}}],"collection":[{"href":"http:\/\/argentinamunicipal.com.ar\/argentina\/wp-json\/wp\/v2\/posts"}],"about":[{"href":"http:\/\/argentinamunicipal.com.ar\/argentina\/wp-json\/wp\/v2\/types\/post"}],"author":[{"embeddable":true,"href":"http:\/\/argentinamunicipal.com.ar\/argentina\/wp-json\/wp\/v2\/users\/2"}],"replies":[{"embeddable":true,"href":"http:\/\/argentinamunicipal.com.ar\/argentina\/wp-json\/wp\/v2\/comments?post=24955"}],"version-history":[{"count":0,"href":"http:\/\/argentinamunicipal.com.ar\/argentina\/wp-json\/wp\/v2\/posts\/24955\/revisions"}],"wp:featuredmedia":[{"embeddable":true,"href":"http:\/\/argentinamunicipal.com.ar\/argentina\/wp-json\/wp\/v2\/media\/24956"}],"wp:attachment":[{"href":"http:\/\/argentinamunicipal.com.ar\/argentina\/wp-json\/wp\/v2\/media?parent=24955"}],"wp:term":[{"taxonomy":"category","embeddable":true,"href":"http:\/\/argentinamunicipal.com.ar\/argentina\/wp-json\/wp\/v2\/categories?post=24955"},{"taxonomy":"post_tag","embeddable":true,"href":"http:\/\/argentinamunicipal.com.ar\/argentina\/wp-json\/wp\/v2\/tags?post=24955"}],"curies":[{"name":"wp","href":"https:\/\/api.w.org\/{rel}","templated":true}]}}