{"id":24961,"date":"2015-02-19T08:30:50","date_gmt":"2015-02-19T11:30:50","guid":{"rendered":"http:\/\/argentinamunicipal.com.ar\/argentina\/?p=24961"},"modified":"2015-02-19T10:02:03","modified_gmt":"2015-02-19T13:02:03","slug":"alrededor-de-70-millones-ingresaron-gualeguaychu-durante-el-fin-de-semana-largo","status":"publish","type":"post","link":"http:\/\/argentinamunicipal.com.ar\/argentina\/alrededor-de-70-millones-ingresaron-gualeguaychu-durante-el-fin-de-semana-largo\/","title":{"rendered":"Alrededor de $ 70 millones ingresaron a Gualeguaych\u00fa durante el fin de semana largo"},"content":{"rendered":"<p><a href=\"http:\/\/argentinamunicipal.com.ar\/argentina\/wp-content\/uploads\/2015\/02\/e_1424283629.jpg\"><img loading=\"lazy\" decoding=\"async\" class=\"alignright size-full wp-image-24962\" src=\"http:\/\/argentinamunicipal.com.ar\/argentina\/wp-content\/uploads\/2015\/02\/e_1424283629.jpg\" alt=\"e_1424283629\" width=\"432\" height=\"324\" srcset=\"http:\/\/argentinamunicipal.com.ar\/argentina\/wp-content\/uploads\/2015\/02\/e_1424283629.jpg 432w, http:\/\/argentinamunicipal.com.ar\/argentina\/wp-content\/uploads\/2015\/02\/e_1424283629-300x225.jpg 300w\" sizes=\"auto, (max-width: 432px) 100vw, 432px\" \/><\/a>En t\u00e9rminos econ\u00f3micos destac\u00f3 que \u00aben total ingresaron a la ciudad alrededor de $ 70 millones, con un promedio en el consumo de $ 450 por persona cada d\u00eda, sumado al gasto de aproximadamente 35 mil personas que asistieron al carnaval\u00bb.<\/p>\n<p>Luego del feriado de Carnaval que vivi\u00f3 Gualeguaych\u00fa con la presencia de m\u00e1s de 80 mil turistas, el intendente Juan Jos\u00e9 Bahillo lo defini\u00f3 como \u00abmuy positivo\u00bb en cuanto al funcionamiento de la ciudad y al porcentaje de ocupaci\u00f3n plena, mientras que en t\u00e9rminos econ\u00f3micos destac\u00f3 que \u00aben total ingresaron a la ciudad alrededor de 70 millones de pesos, con un promedio en el consumo de 450 pesos por persona cada d\u00eda, sumado al gasto de aproximadamente 35 mil personas que asistieron al carnaval\u00bb.<\/p>\n<p>\u00abEsto significa una redistribuci\u00f3n del ingreso entre miles de familias, cientos de prestadores y vecinos, lo que significa algo muy importante en cuanto al crecimiento econ\u00f3mico y social\u00bb explica Bahillo y sostiene que \u00abNo podemos perder de vista que la actividad tur\u00edstica genera durante todo el a\u00f1o 1200 puestos de trabajo de manera directa, y en temporada ese n\u00famero se multiplica por tres: 3600 familias tienen su sustento econ\u00f3mico en base a la actividad tur\u00edstica\u00bb.<\/p>\n<p>En tanto, el Intendente declar\u00f3: \u00abHay que tener en cuenta que el fin de semana largo de carnaval es un hecho nuevo y es el quinto a\u00f1o que sucede, en m\u00e1s de 30 a\u00f1os de carnaval y m\u00e1s de 40 a\u00f1os de ciudad tur\u00edstica\u00bb y agreg\u00f3: \u00abLa comunidad viene haciendo un esfuerzo importante, a trav\u00e9s de las inversiones por parte de los prestadores privados; y desde el estado mejorando los servicios, generando nuevos espacios, acondicionando los accesos, lo que hace posible que podamos recibir a 80 mil turistas y que no haya inconvenientes en cuanto a la provisi\u00f3n de los servicios p\u00fablicos\u00bb.<\/p>\n<p>En cuanto al \u00e9xito de la actividad tur\u00edstica que ha tenido la provincia durante este fin de semana largo, el Presidente Municipal destac\u00f3: \u00abNo es producto de la casualidad, sino de un desarrollo integral de provincia y del posicionamiento de la regi\u00f3n, que ha impulsado el gobernador Urribarri. Y en este sentido, declar\u00f3: \u00abHoy estamos todos involucrados definiendo y respetando particularidades de cada ciudad, con el fuerte apoyo del gobierno de la provincia. No en vano ingresaron 125 mil veh\u00edculos a Entre R\u00edos y algo m\u00e1s de 20 mil a nuestra ciudad\u00bb.<\/p>\n<p><strong>\u00abHemos crecido de manera notable en estos ocho a\u00f1os\u00bb<\/strong><\/p>\n<p>Por otra parte, Bahillo se refiri\u00f3 al crecimiento de la actividad tur\u00edstica durante los \u00faltimos ocho a\u00f1os y dijo: \u00abSi miramos lo que era Gualeguaych\u00fa en su zona tur\u00edstica, hace ocho a\u00f1os, no es lo que es hoy\u00bb y detall\u00f3: \u00abNo ten\u00edamos balnearios con acceso p\u00fablico, mientras que en la actualidad contamos con m\u00e1s de 600 metros de playas p\u00fablicas y gratuitas\u00bb.<\/p>\n<p>En tanto destac\u00f3: \u00abEl crecimiento que ha tenido la zona del camino de la Pen\u00ednsula, los balnearios hacia el norte del puente M\u00e9ndez Casariego, el reordenamiento y la revalorizaci\u00f3n de la costanera, el desarrollo incipiente que tiene la costanera sur, el embellecimiento y la puesta en valor del puente M\u00e9ndez Casariego, el mejoramiento del boulevard De Le\u00f3n y del parque Unzu\u00e9\u00bb y aclar\u00f3: \u00abTodas estas cuestiones hacen al desarrollo tur\u00edstico de Gualeguaych\u00fa y no es casualidad que semos elegidos por miles de turistas a\u00f1o a a\u00f1o\u00bb.<\/p>\n<p>Asimismo destac\u00f3 la fuerte pol\u00edtica de difusi\u00f3n y comunicaci\u00f3n implementada durante los \u00faltimos a\u00f1os que \u00abha hecho que Gualeguaych\u00fa sea hoy un centro de referencia de an\u00e1lisis tur\u00edstico del pa\u00eds\u00bb y concluy\u00f3: \u00abEste posicionamiento no lo ten\u00edamos hace siete a\u00f1os, y es justo reconocer, que es un objetivo logrado entre todos. La pol\u00edtica tur\u00edstica debe ser un trabajo armonizado entre el sector p\u00fablico, el privado y el conjunto de la sociedad\u00bb.<\/p>\n<h6>Fuente: El Once<\/h6>\n","protected":false},"excerpt":{"rendered":"<p>En t\u00e9rminos econ\u00f3micos destac\u00f3 que \u00aben total ingresaron a la ciudad alrededor de $ 70 millones, con un promedio en el consumo de $ 450 por persona cada d\u00eda, sumado al gasto de aproximadamente 35 mil personas que asistieron al carnaval\u00bb. Luego del feriado de Carnaval que vivi\u00f3 Gualeguaych\u00fa con la presencia de m\u00e1s de<\/p>\n","protected":false},"author":2,"featured_media":24962,"comment_status":"closed","ping_status":"closed","sticky":false,"template":"","format":"standard","meta":{"footnotes":""},"categories":[5],"tags":[17],"class_list":["post-24961","post","type-post","status-publish","format-standard","has-post-thumbnail","hentry","category-informe-economico","tag-entre-rios"],"_links":{"self":[{"href":"http:\/\/argentinamunicipal.com.ar\/argentina\/wp-json\/wp\/v2\/posts\/24961","targetHints":{"allow":["GET"]}}],"collection":[{"href":"http:\/\/argentinamunicipal.com.ar\/argentina\/wp-json\/wp\/v2\/posts"}],"about":[{"href":"http:\/\/argentinamunicipal.com.ar\/argentina\/wp-json\/wp\/v2\/types\/post"}],"author":[{"embeddable":true,"href":"http:\/\/argentinamunicipal.com.ar\/argentina\/wp-json\/wp\/v2\/users\/2"}],"replies":[{"embeddable":true,"href":"http:\/\/argentinamunicipal.com.ar\/argentina\/wp-json\/wp\/v2\/comments?post=24961"}],"version-history":[{"count":0,"href":"http:\/\/argentinamunicipal.com.ar\/argentina\/wp-json\/wp\/v2\/posts\/24961\/revisions"}],"wp:featuredmedia":[{"embeddable":true,"href":"http:\/\/argentinamunicipal.com.ar\/argentina\/wp-json\/wp\/v2\/media\/24962"}],"wp:attachment":[{"href":"http:\/\/argentinamunicipal.com.ar\/argentina\/wp-json\/wp\/v2\/media?parent=24961"}],"wp:term":[{"taxonomy":"category","embeddable":true,"href":"http:\/\/argentinamunicipal.com.ar\/argentina\/wp-json\/wp\/v2\/categories?post=24961"},{"taxonomy":"post_tag","embeddable":true,"href":"http:\/\/argentinamunicipal.com.ar\/argentina\/wp-json\/wp\/v2\/tags?post=24961"}],"curies":[{"name":"wp","href":"https:\/\/api.w.org\/{rel}","templated":true}]}}