{"id":24973,"date":"2015-02-19T10:24:11","date_gmt":"2015-02-19T13:24:11","guid":{"rendered":"http:\/\/argentinamunicipal.com.ar\/argentina\/?p=24973"},"modified":"2015-02-19T10:24:11","modified_gmt":"2015-02-19T13:24:11","slug":"se-inaugurara-el-nuevo-centro-municipal-de-salud-no-2-en-rio-grande","status":"publish","type":"post","link":"http:\/\/argentinamunicipal.com.ar\/argentina\/se-inaugurara-el-nuevo-centro-municipal-de-salud-no-2-en-rio-grande\/","title":{"rendered":"Se inaugurar\u00e1 el nuevo centro municipal de salud N\u00ba 2 en R\u00edo Grande"},"content":{"rendered":"<p><a href=\"http:\/\/argentinamunicipal.com.ar\/argentina\/wp-content\/uploads\/2015\/02\/54e54fa35c1cf_724_407.jpg\"><img loading=\"lazy\" decoding=\"async\" class=\"aligncenter size-full wp-image-24974\" src=\"http:\/\/argentinamunicipal.com.ar\/argentina\/wp-content\/uploads\/2015\/02\/54e54fa35c1cf_724_407.jpg\" alt=\"54e54fa35c1cf_724_407!\" width=\"724\" height=\"407\" srcset=\"http:\/\/argentinamunicipal.com.ar\/argentina\/wp-content\/uploads\/2015\/02\/54e54fa35c1cf_724_407.jpg 724w, http:\/\/argentinamunicipal.com.ar\/argentina\/wp-content\/uploads\/2015\/02\/54e54fa35c1cf_724_407-300x169.jpg 300w\" sizes=\"auto, (max-width: 724px) 100vw, 724px\" \/><\/a><br \/>\nSer\u00e1 el jueves 19, a las18:00, la inauguraci\u00f3n del Centro de Salud N\u00ba2 que se encuentra ubicado en el barrio Malvinas Argentinas (ex Chacra XIII) extendiendo las acciones que en atenci\u00f3n primaria de la salud que est\u00e1 llevando adelante el Municipio de R\u00edo Grande, a trav\u00e9s de la gesti\u00f3n del profesor Gustavo Melella.<\/p>\n<p>\u201cEstamos muy contentos, despu\u00e9s de haber iniciado hace cinco meses atr\u00e1s aproximadamente el sue\u00f1o de poder tener un centro de salud de atenci\u00f3n primaria en la zona de chacra XIII, hoy podemos decir que falta muy poco para que este sue\u00f1o se haga realidad\u201d, dijo el director General de Salud, Dr. Walter Abreg\u00fa, al hacer referencia a esta obra.<\/p>\n<p>En este sentido, el doctor Abreg\u00fa detall\u00f3 que \u201cel Intendente Melella nos puso este objetivo para que nosotros podamos brindar una calidad de atenci\u00f3n a toda la gente de Chacra XIII y su zona e influencia, esperemos hacerlo de la mejor manera y sobre todo con una mejor calidad de atenci\u00f3n de salud primaria que se merecen todos los vecinos\u201d.<\/p>\n<p>El primer centro de salud que tendr\u00e1 Chacra XIII fue construido con fondos municipales<\/p>\n<p>El funcionario municipal destac\u00f3 que \u201ces una zona importante de la ciudad que se encuentra alejada de los centros asistenciales de referencia, de los otros CAP de la provincia o de los centros de salud municipales, ya sea el Hospital regional o los sanatorios privados\u201d.<\/p>\n<p>Adem\u00e1s precis\u00f3 que en este centro se brindar\u00e1n inicialmente los servicios de Cl\u00ednica M\u00e9dica, Pediatr\u00eda, Ginecolog\u00eda y Enfermer\u00eda. \u201cBuscaremos cumplir con los lineamientos de lo que es la atenci\u00f3n primaria de la salud, contando tambi\u00e9n con un equipo de promotores de la salud, promotores comunitarios, que fueron formados a trav\u00e9s de la Fundaci\u00f3n Garrahan, as\u00ed que estamos muy contentos porque vemos que ellos son, dentro de la actividad que realizan, el nexo entre la comunidad y el centro de salud\u201d.<\/p>\n<p>\u201cEl intendente Gustavo Melella dijo, en lo que fue la apertura de la Sesiones Ordinarias del Concejo Deliberante lo que es implementas las acciones de salud a trav\u00e9s del Municipio, no dejarla ver y no verla desde otro punto de vista, ni tampoco hacer cr\u00edticas, si no b\u00e1sicamente aportarle a la comunidad todo lo que es atenci\u00f3n primaria y todo lo que es tercer nivel porque el Centro de Rehabilitaci\u00f3n \u201cMam\u00e1 Margarita\u201d ya es un tercer nivel de atenci\u00f3n que se afianz\u00f3 en los \u00faltimos tiempos con profesionales en su mayor\u00eda oriundos de nuestra ciudad, as\u00ed que vamos por otras cosas m\u00e1s como es el Centro de Salud de Chacra II, que se va a ampliar y con la construcci\u00f3n ahora de un centro de an\u00e1lisis cl\u00ednicos y bacteriol\u00f3gicos y tambi\u00e9n lo que es el de Margen Sur -juntamente con un proyecto que se realiza en conjunto con la UOM- y que est\u00e1 avanzando notablemente as\u00ed que podremos contar en poco tiempo con estos tres centros de atenci\u00f3n primaria de la salud\u201d.<\/p>\n<h6>Fuente: Reporte Austral<\/h6>\n","protected":false},"excerpt":{"rendered":"<p>Ser\u00e1 el jueves 19, a las18:00, la inauguraci\u00f3n del Centro de Salud N\u00ba2 que se encuentra ubicado en el barrio Malvinas Argentinas (ex Chacra XIII) extendiendo las acciones que en atenci\u00f3n primaria de la salud que est\u00e1 llevando adelante el Municipio de R\u00edo Grande, a trav\u00e9s de la gesti\u00f3n del profesor Gustavo Melella. \u201cEstamos muy<\/p>\n","protected":false},"author":2,"featured_media":24974,"comment_status":"closed","ping_status":"closed","sticky":false,"template":"","format":"standard","meta":{"footnotes":""},"categories":[2],"tags":[34],"class_list":["post-24973","post","type-post","status-publish","format-standard","has-post-thumbnail","hentry","category-informe-municipal","tag-tierra-del-fuego"],"_links":{"self":[{"href":"http:\/\/argentinamunicipal.com.ar\/argentina\/wp-json\/wp\/v2\/posts\/24973","targetHints":{"allow":["GET"]}}],"collection":[{"href":"http:\/\/argentinamunicipal.com.ar\/argentina\/wp-json\/wp\/v2\/posts"}],"about":[{"href":"http:\/\/argentinamunicipal.com.ar\/argentina\/wp-json\/wp\/v2\/types\/post"}],"author":[{"embeddable":true,"href":"http:\/\/argentinamunicipal.com.ar\/argentina\/wp-json\/wp\/v2\/users\/2"}],"replies":[{"embeddable":true,"href":"http:\/\/argentinamunicipal.com.ar\/argentina\/wp-json\/wp\/v2\/comments?post=24973"}],"version-history":[{"count":0,"href":"http:\/\/argentinamunicipal.com.ar\/argentina\/wp-json\/wp\/v2\/posts\/24973\/revisions"}],"wp:featuredmedia":[{"embeddable":true,"href":"http:\/\/argentinamunicipal.com.ar\/argentina\/wp-json\/wp\/v2\/media\/24974"}],"wp:attachment":[{"href":"http:\/\/argentinamunicipal.com.ar\/argentina\/wp-json\/wp\/v2\/media?parent=24973"}],"wp:term":[{"taxonomy":"category","embeddable":true,"href":"http:\/\/argentinamunicipal.com.ar\/argentina\/wp-json\/wp\/v2\/categories?post=24973"},{"taxonomy":"post_tag","embeddable":true,"href":"http:\/\/argentinamunicipal.com.ar\/argentina\/wp-json\/wp\/v2\/tags?post=24973"}],"curies":[{"name":"wp","href":"https:\/\/api.w.org\/{rel}","templated":true}]}}