{"id":24985,"date":"2015-02-19T10:36:30","date_gmt":"2015-02-19T13:36:30","guid":{"rendered":"http:\/\/argentinamunicipal.com.ar\/argentina\/?p=24985"},"modified":"2015-02-19T10:36:30","modified_gmt":"2015-02-19T13:36:30","slug":"grecia-solicito-al-eurogrupo-la-extension-del-credito-por-seis-meses","status":"publish","type":"post","link":"http:\/\/argentinamunicipal.com.ar\/argentina\/grecia-solicito-al-eurogrupo-la-extension-del-credito-por-seis-meses\/","title":{"rendered":"Grecia solicit\u00f3 al eurogrupo la extensi\u00f3n del cr\u00e9dito por seis meses"},"content":{"rendered":"<p><a href=\"http:\/\/argentinamunicipal.com.ar\/argentina\/wp-content\/uploads\/2015\/02\/gal-101378.jpg\"><img loading=\"lazy\" decoding=\"async\" class=\"aligncenter  wp-image-24986\" src=\"http:\/\/argentinamunicipal.com.ar\/argentina\/wp-content\/uploads\/2015\/02\/gal-101378.jpg\" alt=\"gal-101378\" width=\"623\" height=\"347\" srcset=\"http:\/\/argentinamunicipal.com.ar\/argentina\/wp-content\/uploads\/2015\/02\/gal-101378.jpg 700w, http:\/\/argentinamunicipal.com.ar\/argentina\/wp-content\/uploads\/2015\/02\/gal-101378-300x167.jpg 300w\" sizes=\"auto, (max-width: 623px) 100vw, 623px\" \/><\/a><br \/>\nEl ministro de Estado griego, Alekos Flambouraris, confirm\u00f3 el env\u00edo de la carta. Ahora se espera que el llamado grupo de trabajo de los pa\u00edses del euro delibere esta tarde sobre la petici\u00f3n y que una decisi\u00f3n final sea adoptada ma\u00f1ana.<\/p>\n<p>Grecia solicit\u00f3 al Eurogrupo la prolongaci\u00f3n de los cr\u00e9ditos de ayuda al pa\u00eds, confirm\u00f3 hoy el ministro de Estado griego, Alekos Flambouraris.<\/p>\n<p>\u00abS\u00ed, la carta fue enviada\u00bb, se\u00f1al\u00f3 Flambouraris en declaraciones a la radio griega, y agreg\u00f3 que la petici\u00f3n consiste en la prolongaci\u00f3n de los cr\u00e9ditos de ayuda durante seis meses.<\/p>\n<p>Por su parte, el l\u00edder del Eurogrupo, Jeroen Dijsselbloem, confirm\u00f3 la recepci\u00f3n de la solicitud en un escueto mensaje publicado en su cuenta personal de Twitter.<\/p>\n<p>\u00abRecibida la petici\u00f3n de Grecia para ampliar en seis meses\u00bb los cr\u00e9ditos, escribi\u00f3 sin dar m\u00e1s detalles.<\/p>\n<p>Se espera que el llamado grupo de trabajo de los pa\u00edses del euro delibere esta tarde sobre la petici\u00f3n y que una decisi\u00f3n final sea adoptada ma\u00f1ana en una reuni\u00f3n por teleconferencia con los ministros de Finanzas de la zona euro, inform\u00f3 la agencia de noticias DPA.<\/p>\n<p>Poco antes, el portavoz del gobierno, Gavril Sakellarides, hab\u00eda asegurado que el objetivo de Atenas es \u00abes cerrar pronto el acuerdo\u00bb.<\/p>\n<p>La declaraci\u00f3n de Sakellarides se dio luego de que el ministro de Finanzas, Yanis Varufakis, se mostrara confiado en que las negociaciones se cerrar\u00e1n con \u00e9xito ma\u00f1ana.<\/p>\n<p>\u00abD\u00eda tras d\u00eda, hora tras hora, nos acercamos m\u00e1s\u00bb, dijo Varufakis a la televisi\u00f3n griega anoche.<\/p>\n<p>El objetivo de Grecia es obtener una extensi\u00f3n de los cr\u00e9ditos de ayuda pero no del programa de austeridad vinculado a los dos rescates internacionales que recibi\u00f3 desde 2010 por un total de 240.000 millones de euros.<\/p>\n<p>Los cr\u00e9ditos proporcionados por la Eurozona expiran a fin de mes.<\/p>\n<h6>Fuente: T\u00e9lam<\/h6>\n","protected":false},"excerpt":{"rendered":"<p>El ministro de Estado griego, Alekos Flambouraris, confirm\u00f3 el env\u00edo de la carta. Ahora se espera que el llamado grupo de trabajo de los pa\u00edses del euro delibere esta tarde sobre la petici\u00f3n y que una decisi\u00f3n final sea adoptada ma\u00f1ana. Grecia solicit\u00f3 al Eurogrupo la prolongaci\u00f3n de los cr\u00e9ditos de ayuda al pa\u00eds, confirm\u00f3<\/p>\n","protected":false},"author":2,"featured_media":24986,"comment_status":"closed","ping_status":"closed","sticky":false,"template":"","format":"standard","meta":{"footnotes":""},"categories":[22],"tags":[57],"class_list":["post-24985","post","type-post","status-publish","format-standard","has-post-thumbnail","hentry","category-el-mundo","tag-el-mundo"],"_links":{"self":[{"href":"http:\/\/argentinamunicipal.com.ar\/argentina\/wp-json\/wp\/v2\/posts\/24985","targetHints":{"allow":["GET"]}}],"collection":[{"href":"http:\/\/argentinamunicipal.com.ar\/argentina\/wp-json\/wp\/v2\/posts"}],"about":[{"href":"http:\/\/argentinamunicipal.com.ar\/argentina\/wp-json\/wp\/v2\/types\/post"}],"author":[{"embeddable":true,"href":"http:\/\/argentinamunicipal.com.ar\/argentina\/wp-json\/wp\/v2\/users\/2"}],"replies":[{"embeddable":true,"href":"http:\/\/argentinamunicipal.com.ar\/argentina\/wp-json\/wp\/v2\/comments?post=24985"}],"version-history":[{"count":0,"href":"http:\/\/argentinamunicipal.com.ar\/argentina\/wp-json\/wp\/v2\/posts\/24985\/revisions"}],"wp:featuredmedia":[{"embeddable":true,"href":"http:\/\/argentinamunicipal.com.ar\/argentina\/wp-json\/wp\/v2\/media\/24986"}],"wp:attachment":[{"href":"http:\/\/argentinamunicipal.com.ar\/argentina\/wp-json\/wp\/v2\/media?parent=24985"}],"wp:term":[{"taxonomy":"category","embeddable":true,"href":"http:\/\/argentinamunicipal.com.ar\/argentina\/wp-json\/wp\/v2\/categories?post=24985"},{"taxonomy":"post_tag","embeddable":true,"href":"http:\/\/argentinamunicipal.com.ar\/argentina\/wp-json\/wp\/v2\/tags?post=24985"}],"curies":[{"name":"wp","href":"https:\/\/api.w.org\/{rel}","templated":true}]}}