{"id":24988,"date":"2015-02-19T10:41:37","date_gmt":"2015-02-19T13:41:37","guid":{"rendered":"http:\/\/argentinamunicipal.com.ar\/argentina\/?p=24988"},"modified":"2015-02-19T10:41:37","modified_gmt":"2015-02-19T13:41:37","slug":"cabalgata-en-homenaje-al-cruce-de-los-andes","status":"publish","type":"post","link":"http:\/\/argentinamunicipal.com.ar\/argentina\/cabalgata-en-homenaje-al-cruce-de-los-andes\/","title":{"rendered":"Cabalgata en homenaje al Cruce de Los Andes"},"content":{"rendered":"<div id=\"attachment_24989\" style=\"width: 607px\" class=\"wp-caption aligncenter\"><a href=\"http:\/\/argentinamunicipal.com.ar\/argentina\/wp-content\/uploads\/2015\/02\/image54e518eee612d9.64284656.jpg\"><img loading=\"lazy\" decoding=\"async\" aria-describedby=\"caption-attachment-24989\" class=\" wp-image-24989\" src=\"http:\/\/argentinamunicipal.com.ar\/argentina\/wp-content\/uploads\/2015\/02\/image54e518eee612d9.64284656.jpg\" alt=\"Los jinetes recrearon el recorrido que hizo una de las columnas del Ej\u00e9rcito de San Mart\u00edn\" width=\"597\" height=\"417\" srcset=\"http:\/\/argentinamunicipal.com.ar\/argentina\/wp-content\/uploads\/2015\/02\/image54e518eee612d9.64284656.jpg 980w, http:\/\/argentinamunicipal.com.ar\/argentina\/wp-content\/uploads\/2015\/02\/image54e518eee612d9.64284656-300x209.jpg 300w\" sizes=\"auto, (max-width: 597px) 100vw, 597px\" \/><\/a><p id=\"caption-attachment-24989\" class=\"wp-caption-text\">Los jinetes recrearon el recorrido que hizo una de las columnas del Ej\u00e9rcito de San Mart\u00edn<\/p><\/div>\n<p>Empresarios, historiadores y baqueanos cabalgaron para poner en valor la Gesta Sanmartiniana. Es una de las flamantes \u201crutas de aventuras\u201d.<\/p>\n<p>Tunuy\u00e1n\u00a0se constituy\u00f3 ayer en el punto de partida del contingente que emprendi\u00f3 el hist\u00f3rico cruce de los Andes\u00a0con el objetivo de poner en valor la\u00a0Gesta Sanmartiniana.<\/p>\n<p>Con participaci\u00f3n del Ministerio de Turismo provincial en la organizaci\u00f3n, la Confederaci\u00f3n Argentina de la Mediana Empresa (CAME) seleccion\u00f3 a Mendoza por su apertura y disposici\u00f3n para la realizaci\u00f3n de un evento de esta magnitud.<\/p>\n<p>Luego de la presentaci\u00f3n del\u00a0grupo de gu\u00edas y baqueanos\u00a0que formar\u00edan parte de la espectacular traves\u00eda a caballo, un contingente de cien personas, entre empresarios, historiadores, coaches de liderazgo, baqueanos y funcionarios de Gendarmer\u00eda Nacional, inici\u00f3 el\u00a0recorrido del sendero que hizo una de las columnas del Ej\u00e9rcito del General San Mart\u00edn, cuando desarroll\u00f3 la gran\u00a0gesta libertadora rumbo a Chile.<\/p>\n<p>Y el Gobierno aprovech\u00f3 la ocasi\u00f3n para realzar la propuesta de las llamadas \u201cRutas de Aventura\u201d, el producto tur\u00edstico insignia de la temporada estival en Mendoza.<\/p>\n<p>Tras la traves\u00eda, Turismo espera mostrar a Mendoza a representantes de 21 provincias argentinas, lo que conllevar\u00e1 una fuerte promoci\u00f3n del destino, con paisajes, servicios y calidez que nos destacan y posicionan tur\u00edsticamente.<\/p>\n<p><a href=\"http:\/\/argentinamunicipal.com.ar\/argentina\/wp-content\/uploads\/2015\/02\/image54e518f7b72229.92716325.jpg\"><img loading=\"lazy\" decoding=\"async\" class=\"aligncenter  wp-image-24990\" src=\"http:\/\/argentinamunicipal.com.ar\/argentina\/wp-content\/uploads\/2015\/02\/image54e518f7b72229.92716325.jpg\" alt=\"image54e518f7b72229.92716325\" width=\"593\" height=\"400\" srcset=\"http:\/\/argentinamunicipal.com.ar\/argentina\/wp-content\/uploads\/2015\/02\/image54e518f7b72229.92716325.jpg 1000w, http:\/\/argentinamunicipal.com.ar\/argentina\/wp-content\/uploads\/2015\/02\/image54e518f7b72229.92716325-300x203.jpg 300w\" sizes=\"auto, (max-width: 593px) 100vw, 593px\" \/><\/a><\/p>\n<p>El cruce a Chile \u201ces una de las 21 experiencias m\u00e1s importantes que Mendoza tiene en sus rutas de aventura, y la idea es que todos los habitantes puedan realizar este cruce, ya que existen prestadores que hacen vivir esta experiencia\u201d, asegur\u00f3 el ministro de turismo, Javier Espina.<\/p>\n<h6>Fuente: Los Andes<\/h6>\n","protected":false},"excerpt":{"rendered":"<p>Empresarios, historiadores y baqueanos cabalgaron para poner en valor la Gesta Sanmartiniana. Es una de las flamantes \u201crutas de aventuras\u201d. Tunuy\u00e1n\u00a0se constituy\u00f3 ayer en el punto de partida del contingente que emprendi\u00f3 el hist\u00f3rico cruce de los Andes\u00a0con el objetivo de poner en valor la\u00a0Gesta Sanmartiniana. Con participaci\u00f3n del Ministerio de Turismo provincial en la<\/p>\n","protected":false},"author":2,"featured_media":24990,"comment_status":"closed","ping_status":"closed","sticky":false,"template":"","format":"standard","meta":{"footnotes":""},"categories":[8],"tags":[31],"class_list":["post-24988","post","type-post","status-publish","format-standard","has-post-thumbnail","hentry","category-informe-nacional","tag-mendoza"],"_links":{"self":[{"href":"http:\/\/argentinamunicipal.com.ar\/argentina\/wp-json\/wp\/v2\/posts\/24988","targetHints":{"allow":["GET"]}}],"collection":[{"href":"http:\/\/argentinamunicipal.com.ar\/argentina\/wp-json\/wp\/v2\/posts"}],"about":[{"href":"http:\/\/argentinamunicipal.com.ar\/argentina\/wp-json\/wp\/v2\/types\/post"}],"author":[{"embeddable":true,"href":"http:\/\/argentinamunicipal.com.ar\/argentina\/wp-json\/wp\/v2\/users\/2"}],"replies":[{"embeddable":true,"href":"http:\/\/argentinamunicipal.com.ar\/argentina\/wp-json\/wp\/v2\/comments?post=24988"}],"version-history":[{"count":0,"href":"http:\/\/argentinamunicipal.com.ar\/argentina\/wp-json\/wp\/v2\/posts\/24988\/revisions"}],"wp:featuredmedia":[{"embeddable":true,"href":"http:\/\/argentinamunicipal.com.ar\/argentina\/wp-json\/wp\/v2\/media\/24990"}],"wp:attachment":[{"href":"http:\/\/argentinamunicipal.com.ar\/argentina\/wp-json\/wp\/v2\/media?parent=24988"}],"wp:term":[{"taxonomy":"category","embeddable":true,"href":"http:\/\/argentinamunicipal.com.ar\/argentina\/wp-json\/wp\/v2\/categories?post=24988"},{"taxonomy":"post_tag","embeddable":true,"href":"http:\/\/argentinamunicipal.com.ar\/argentina\/wp-json\/wp\/v2\/tags?post=24988"}],"curies":[{"name":"wp","href":"https:\/\/api.w.org\/{rel}","templated":true}]}}