{"id":25001,"date":"2015-02-23T06:14:19","date_gmt":"2015-02-23T09:14:19","guid":{"rendered":"http:\/\/argentinamunicipal.com.ar\/argentina\/?p=25001"},"modified":"2015-02-21T11:47:29","modified_gmt":"2015-02-21T14:47:29","slug":"fiesta-nacional-del-sol-san-juan-desde-el-24-al-28-de-febrero","status":"publish","type":"post","link":"http:\/\/argentinamunicipal.com.ar\/argentina\/fiesta-nacional-del-sol-san-juan-desde-el-24-al-28-de-febrero\/","title":{"rendered":"Fiesta Nacional del Sol, San Juan\u00a0desde el 24 al 28 de febrero"},"content":{"rendered":"<p><a href=\"http:\/\/argentinamunicipal.com.ar\/argentina\/wp-content\/uploads\/2015\/02\/1654520_564223837018461_1247991157_o_2.jpg\"><img loading=\"lazy\" decoding=\"async\" class=\"aligncenter  wp-image-25002\" src=\"http:\/\/argentinamunicipal.com.ar\/argentina\/wp-content\/uploads\/2015\/02\/1654520_564223837018461_1247991157_o_2.jpg\" alt=\"1654520_564223837018461_1247991157_o_2\" width=\"633\" height=\"419\" srcset=\"http:\/\/argentinamunicipal.com.ar\/argentina\/wp-content\/uploads\/2015\/02\/1654520_564223837018461_1247991157_o_2.jpg 900w, http:\/\/argentinamunicipal.com.ar\/argentina\/wp-content\/uploads\/2015\/02\/1654520_564223837018461_1247991157_o_2-300x199.jpg 300w\" sizes=\"auto, (max-width: 633px) 100vw, 633px\" \/><\/a><\/p>\n<p>La Fiesta Nacional del Sol 2015 en San Juan se realizar\u00e1 desde el 24 al 28 de febrero. \u00a0Adem\u00e1s se celebrar\u00e1 el tradicional Carrusel del Sol, por la avenida Jos\u00e9 Ignacio de la Roza, representando a los departamentos de la provincia, con sus candidatas a Reina Nacional del Sol. El eje tem\u00e1tico de la fiesta ser\u00e1 \u201cPasiones argentinas\u201d en donde los mejores artistas nacionales e internacionales de diversos g\u00e9neros brillar\u00e1n en las cuatro noches de la Exposici\u00f3n y Feria en el Parque de Mayo. Entre los artistas confirmados se destacan: David Bisbal, Abel Pintos, La Nueva Luna, Illya Kuryaki, Tan Bi\u00f3nica, Los Huayras y Los Tekis.<\/p>\n<p><a href=\"http:\/\/argentinamunicipal.com.ar\/argentina\/wp-content\/uploads\/2015\/02\/530a3cda27a04_800x533.jpg\"><img loading=\"lazy\" decoding=\"async\" class=\"aligncenter  wp-image-25003\" src=\"http:\/\/argentinamunicipal.com.ar\/argentina\/wp-content\/uploads\/2015\/02\/530a3cda27a04_800x533.jpg\" alt=\"530a3cda27a04_800x533\" width=\"614\" height=\"409\" srcset=\"http:\/\/argentinamunicipal.com.ar\/argentina\/wp-content\/uploads\/2015\/02\/530a3cda27a04_800x533.jpg 800w, http:\/\/argentinamunicipal.com.ar\/argentina\/wp-content\/uploads\/2015\/02\/530a3cda27a04_800x533-300x200.jpg 300w\" sizes=\"auto, (max-width: 614px) 100vw, 614px\" \/><\/a><\/p>\n<p><strong>Grilla de Artistas\u00a0<\/strong><\/p>\n<p><strong>Martes 24 de febrero<\/strong><br \/>\nDavid Bisbal<br \/>\nLa Nueva Luna<\/p>\n<p><strong>Mi\u00e9rcoles 25 de febrero<\/strong><br \/>\nAbel Pintos<\/p>\n<p><strong>Jueves 26 de febrero<\/strong><br \/>\nIllya Kuryaki<br \/>\nTan Bi\u00f3nica<\/p>\n<p><strong>Viernes 27 de febrero<\/strong><br \/>\nLos Huayras<br \/>\nLos Tekis<\/p>\n<h6>Fuente:\u00a0visitingargentina.com<\/h6>\n","protected":false},"excerpt":{"rendered":"<p>La Fiesta Nacional del Sol 2015 en San Juan se realizar\u00e1 desde el 24 al 28 de febrero. \u00a0Adem\u00e1s se celebrar\u00e1 el tradicional Carrusel del Sol, por la avenida Jos\u00e9 Ignacio de la Roza, representando a los departamentos de la provincia, con sus candidatas a Reina Nacional del Sol. El eje tem\u00e1tico de la fiesta<\/p>\n","protected":false},"author":2,"featured_media":25004,"comment_status":"closed","ping_status":"closed","sticky":false,"template":"","format":"standard","meta":{"footnotes":""},"categories":[47],"tags":[32],"class_list":["post-25001","post","type-post","status-publish","format-standard","has-post-thumbnail","hentry","category-fiestas","tag-san-juan"],"_links":{"self":[{"href":"http:\/\/argentinamunicipal.com.ar\/argentina\/wp-json\/wp\/v2\/posts\/25001","targetHints":{"allow":["GET"]}}],"collection":[{"href":"http:\/\/argentinamunicipal.com.ar\/argentina\/wp-json\/wp\/v2\/posts"}],"about":[{"href":"http:\/\/argentinamunicipal.com.ar\/argentina\/wp-json\/wp\/v2\/types\/post"}],"author":[{"embeddable":true,"href":"http:\/\/argentinamunicipal.com.ar\/argentina\/wp-json\/wp\/v2\/users\/2"}],"replies":[{"embeddable":true,"href":"http:\/\/argentinamunicipal.com.ar\/argentina\/wp-json\/wp\/v2\/comments?post=25001"}],"version-history":[{"count":0,"href":"http:\/\/argentinamunicipal.com.ar\/argentina\/wp-json\/wp\/v2\/posts\/25001\/revisions"}],"wp:featuredmedia":[{"embeddable":true,"href":"http:\/\/argentinamunicipal.com.ar\/argentina\/wp-json\/wp\/v2\/media\/25004"}],"wp:attachment":[{"href":"http:\/\/argentinamunicipal.com.ar\/argentina\/wp-json\/wp\/v2\/media?parent=25001"}],"wp:term":[{"taxonomy":"category","embeddable":true,"href":"http:\/\/argentinamunicipal.com.ar\/argentina\/wp-json\/wp\/v2\/categories?post=25001"},{"taxonomy":"post_tag","embeddable":true,"href":"http:\/\/argentinamunicipal.com.ar\/argentina\/wp-json\/wp\/v2\/tags?post=25001"}],"curies":[{"name":"wp","href":"https:\/\/api.w.org\/{rel}","templated":true}]}}