{"id":25015,"date":"2015-02-20T08:22:44","date_gmt":"2015-02-20T11:22:44","guid":{"rendered":"http:\/\/argentinamunicipal.com.ar\/argentina\/?p=25015"},"modified":"2015-02-20T08:22:44","modified_gmt":"2015-02-20T11:22:44","slug":"municipales-de-concordia-esperan-iniciar-las-conversaciones-salariales","status":"publish","type":"post","link":"http:\/\/argentinamunicipal.com.ar\/argentina\/municipales-de-concordia-esperan-iniciar-las-conversaciones-salariales\/","title":{"rendered":"Municipales de Concordia esperan iniciar las conversaciones salariales"},"content":{"rendered":"<p><a href=\"http:\/\/argentinamunicipal.com.ar\/argentina\/wp-content\/uploads\/2015\/02\/apfdigital_247500_tapa_1922015_115744.jpg\"><img loading=\"lazy\" decoding=\"async\" class=\"aligncenter size-full wp-image-25016\" src=\"http:\/\/argentinamunicipal.com.ar\/argentina\/wp-content\/uploads\/2015\/02\/apfdigital_247500_tapa_1922015_115744.jpg\" alt=\"apfdigital_247500_tapa_1922015_115744\" width=\"640\" height=\"425\" srcset=\"http:\/\/argentinamunicipal.com.ar\/argentina\/wp-content\/uploads\/2015\/02\/apfdigital_247500_tapa_1922015_115744.jpg 640w, http:\/\/argentinamunicipal.com.ar\/argentina\/wp-content\/uploads\/2015\/02\/apfdigital_247500_tapa_1922015_115744-300x199.jpg 300w\" sizes=\"auto, (max-width: 640px) 100vw, 640px\" \/><\/a><\/p>\n<p>El Sindicato \u00danico de Obreros y Empleados Municipales (Suoem) de Concordia elev\u00f3, el pasado 5 de febrero, un pedido al Ejecutivo solicitando un incremento salarial del orden del 35 por ciento \u2022 El titular del gremio, Iv\u00e1n Alal\u00ed, dijo a APFDigital, que existe una posibilidad de mantener una reuni\u00f3n este viernes con el intendente Gustavo Bordet para iniciar las negociaciones<\/p>\n<p>\u201cPresentamos una nota el 5 de febrero pidiendo un 35 por ciento de aumento salarial\u201d, precis\u00f3 el dirigente y cont\u00f3 que este jueves recibi\u00f3 una llamada del Ejecutivo donde se le inform\u00f3 que posiblemente este viernes, de encontrarse Bordet en Concordia, podr\u00edan ser recibidos.<\/p>\n<p>El dirigente gremial reconoci\u00f3 que, de no concretarse la reuni\u00f3n en breve, \u201cla situaci\u00f3n se va a complicar, porque los compa\u00f1eros necesitan saber qu\u00e9 se va a dar y cu\u00e1nto\u201d.<\/p>\n<p>Asimismo entendi\u00f3 que el Departamento Ejecutivo seguramente har\u00e1 una contraoferta, por tanto \u201ccuanto m\u00e1s se dilata menos posibilidades tenemos de discutirlo en asambleas\u201d.<\/p>\n<h6>Fuente: APF Digital<\/h6>\n","protected":false},"excerpt":{"rendered":"<p>El Sindicato \u00danico de Obreros y Empleados Municipales (Suoem) de Concordia elev\u00f3, el pasado 5 de febrero, un pedido al Ejecutivo solicitando un incremento salarial del orden del 35 por ciento \u2022 El titular del gremio, Iv\u00e1n Alal\u00ed, dijo a APFDigital, que existe una posibilidad de mantener una reuni\u00f3n este viernes con el intendente Gustavo<\/p>\n","protected":false},"author":2,"featured_media":25016,"comment_status":"closed","ping_status":"closed","sticky":false,"template":"","format":"standard","meta":{"footnotes":""},"categories":[7],"tags":[17],"class_list":["post-25015","post","type-post","status-publish","format-standard","has-post-thumbnail","hentry","category-informe-sindical","tag-entre-rios"],"_links":{"self":[{"href":"http:\/\/argentinamunicipal.com.ar\/argentina\/wp-json\/wp\/v2\/posts\/25015","targetHints":{"allow":["GET"]}}],"collection":[{"href":"http:\/\/argentinamunicipal.com.ar\/argentina\/wp-json\/wp\/v2\/posts"}],"about":[{"href":"http:\/\/argentinamunicipal.com.ar\/argentina\/wp-json\/wp\/v2\/types\/post"}],"author":[{"embeddable":true,"href":"http:\/\/argentinamunicipal.com.ar\/argentina\/wp-json\/wp\/v2\/users\/2"}],"replies":[{"embeddable":true,"href":"http:\/\/argentinamunicipal.com.ar\/argentina\/wp-json\/wp\/v2\/comments?post=25015"}],"version-history":[{"count":0,"href":"http:\/\/argentinamunicipal.com.ar\/argentina\/wp-json\/wp\/v2\/posts\/25015\/revisions"}],"wp:featuredmedia":[{"embeddable":true,"href":"http:\/\/argentinamunicipal.com.ar\/argentina\/wp-json\/wp\/v2\/media\/25016"}],"wp:attachment":[{"href":"http:\/\/argentinamunicipal.com.ar\/argentina\/wp-json\/wp\/v2\/media?parent=25015"}],"wp:term":[{"taxonomy":"category","embeddable":true,"href":"http:\/\/argentinamunicipal.com.ar\/argentina\/wp-json\/wp\/v2\/categories?post=25015"},{"taxonomy":"post_tag","embeddable":true,"href":"http:\/\/argentinamunicipal.com.ar\/argentina\/wp-json\/wp\/v2\/tags?post=25015"}],"curies":[{"name":"wp","href":"https:\/\/api.w.org\/{rel}","templated":true}]}}