{"id":25021,"date":"2015-02-20T08:29:03","date_gmt":"2015-02-20T11:29:03","guid":{"rendered":"http:\/\/argentinamunicipal.com.ar\/argentina\/?p=25021"},"modified":"2015-02-20T08:29:03","modified_gmt":"2015-02-20T11:29:03","slug":"parana-se-realizo-la-licitacion-para-adquirir-otros-22-motocarros","status":"publish","type":"post","link":"http:\/\/argentinamunicipal.com.ar\/argentina\/parana-se-realizo-la-licitacion-para-adquirir-otros-22-motocarros\/","title":{"rendered":"Paran\u00e1: Se realiz\u00f3 la licitaci\u00f3n para adquirir otros 22 motocarros"},"content":{"rendered":"<p><a href=\"http:\/\/argentinamunicipal.com.ar\/argentina\/wp-content\/uploads\/2015\/02\/apfdigital_247506_tapa_1922015_14129.jpg\"><img loading=\"lazy\" decoding=\"async\" class=\"alignleft size-full wp-image-25022\" src=\"http:\/\/argentinamunicipal.com.ar\/argentina\/wp-content\/uploads\/2015\/02\/apfdigital_247506_tapa_1922015_14129.jpg\" alt=\"apfdigital_247506_tapa_1922015_14129\" width=\"471\" height=\"315\" srcset=\"http:\/\/argentinamunicipal.com.ar\/argentina\/wp-content\/uploads\/2015\/02\/apfdigital_247506_tapa_1922015_14129.jpg 471w, http:\/\/argentinamunicipal.com.ar\/argentina\/wp-content\/uploads\/2015\/02\/apfdigital_247506_tapa_1922015_14129-300x201.jpg 300w\" sizes=\"auto, (max-width: 471px) 100vw, 471px\" \/><\/a>Se realiz\u00f3 este jueves la licitaci\u00f3n para adquirir 22 motocarros, como parte de la segunda etapa del Programa de Recuperaci\u00f3n de Derechos, que est\u00e1 llevando a cabo el Municipio de Paran\u00e1 \u2022 Seg\u00fan coment\u00f3 a APFDigital la coordinadora del programa, Fernanda Romero, \u201cse presentaron tres empresas\u201d, cuyas ofertas ser\u00e1n evaluadas por una comisi\u00f3n t\u00e9cnica \u2022 El presupuesto oficial ronda en el mill\u00f3n de pesos<\/p>\n<p>&nbsp;<\/p>\n<p>Si bien no trascendi\u00f3 la informaci\u00f3n de oficial del nombre de las empresas, la funcionaria inform\u00f3 que fueron tres las oferentes y detall\u00f3 que ser\u00e1n evaluadas por una comisi\u00f3n t\u00e9cnica, a fin de dar un veredicto.<\/p>\n<p>\u201cSe presentaron tres oferentes y la licitaci\u00f3n fue a las 11 de la ma\u00f1ana y ahora hay que hacer los informes t\u00e9cnicos para ver si concuerda con lo que nosotros estamos necesitando para esta entrega de motocarros a cambio de los carros tirados por caballos\u201d, dijo Romero a esta Agencia.<\/p>\n<p>Coment\u00f3 adem\u00e1s que el programa \u201cRecuperadores de Derechos\u201d entra con esta licitaci\u00f3n en su tercera etapa y que se viene desarrollando de una manera \u201cmuy positiva\u201d.<\/p>\n<p>\u201cEntregando estos 22, estar\u00edamos llegando al 90 por ciento de lo relevado de carreros que circulan por la zona centro. Estamos trabajando con las capacitaciones que vamos a abrir muy pronto: En educaci\u00f3n vial, medioambiente, riesgo en el trabajo, le vamos a sumar una jornada sobre el trabajo infantil\u201d, inform\u00f3.<\/p>\n<p>Entre el a\u00f1o 2013 y el 2014 se entregaron 17 motocarros. En total en el registro de recuperadores de residuos, que realiz\u00f3 el Municipio, se hab\u00edan relevado 170 familias. Seg\u00fan coment\u00f3 la coordinadora del Programa, la planificaci\u00f3n se dio en tres etapas: (2013, 2014 y 2015) \u201cpara abarcar en una primera instancia los carreros que circulan por zona centro. Son los que se encuentran en mayor riesgo por el tr\u00e1nsito y las horas pico. Esta ser\u00eda la tercera etapa, este a\u00f1o vamos a redoblar la apuesta\u201d.<\/p>\n<p>Sobre el balance de la ejecuci\u00f3n, Romero dijo que \u201cla primera etapa fue muy positiva\u201d e inform\u00f3 que \u201chace poco tiempo sali\u00f3 la transferencia\u201d de los motoveh\u00edculos a los carreros, \u201cellos cumplimentaron con todas las pautas que establecimos en el periodo transitorio en el contrato de comodato\u201d, resalt\u00f3. \u201cFuncion\u00f3 muy positivamente e hicimos un seguimiento\u201d, se\u00f1al\u00f3 la funcionaria del \u00e1rea de Derechos Humanos, Salud y Educaci\u00f3n Municipal.<\/p>\n<p>\u201cEn una segunda etapa estamos con los carreros que sustituyeron el a\u00f1o pasado en el periodo de comodato, se est\u00e1n capacitando, algunos est\u00e1n aprendiendo electricidad y otros quieren formar una cooperativa de carreros, etc\u201d.<\/p>\n<h6>Fuente: APF Digital<\/h6>\n","protected":false},"excerpt":{"rendered":"<p>Se realiz\u00f3 este jueves la licitaci\u00f3n para adquirir 22 motocarros, como parte de la segunda etapa del Programa de Recuperaci\u00f3n de Derechos, que est\u00e1 llevando a cabo el Municipio de Paran\u00e1 \u2022 Seg\u00fan coment\u00f3 a APFDigital la coordinadora del programa, Fernanda Romero, \u201cse presentaron tres empresas\u201d, cuyas ofertas ser\u00e1n evaluadas por una comisi\u00f3n t\u00e9cnica \u2022<\/p>\n","protected":false},"author":2,"featured_media":25022,"comment_status":"closed","ping_status":"closed","sticky":false,"template":"","format":"standard","meta":{"footnotes":""},"categories":[2],"tags":[17],"class_list":["post-25021","post","type-post","status-publish","format-standard","has-post-thumbnail","hentry","category-informe-municipal","tag-entre-rios"],"_links":{"self":[{"href":"http:\/\/argentinamunicipal.com.ar\/argentina\/wp-json\/wp\/v2\/posts\/25021","targetHints":{"allow":["GET"]}}],"collection":[{"href":"http:\/\/argentinamunicipal.com.ar\/argentina\/wp-json\/wp\/v2\/posts"}],"about":[{"href":"http:\/\/argentinamunicipal.com.ar\/argentina\/wp-json\/wp\/v2\/types\/post"}],"author":[{"embeddable":true,"href":"http:\/\/argentinamunicipal.com.ar\/argentina\/wp-json\/wp\/v2\/users\/2"}],"replies":[{"embeddable":true,"href":"http:\/\/argentinamunicipal.com.ar\/argentina\/wp-json\/wp\/v2\/comments?post=25021"}],"version-history":[{"count":0,"href":"http:\/\/argentinamunicipal.com.ar\/argentina\/wp-json\/wp\/v2\/posts\/25021\/revisions"}],"wp:featuredmedia":[{"embeddable":true,"href":"http:\/\/argentinamunicipal.com.ar\/argentina\/wp-json\/wp\/v2\/media\/25022"}],"wp:attachment":[{"href":"http:\/\/argentinamunicipal.com.ar\/argentina\/wp-json\/wp\/v2\/media?parent=25021"}],"wp:term":[{"taxonomy":"category","embeddable":true,"href":"http:\/\/argentinamunicipal.com.ar\/argentina\/wp-json\/wp\/v2\/categories?post=25021"},{"taxonomy":"post_tag","embeddable":true,"href":"http:\/\/argentinamunicipal.com.ar\/argentina\/wp-json\/wp\/v2\/tags?post=25021"}],"curies":[{"name":"wp","href":"https:\/\/api.w.org\/{rel}","templated":true}]}}