{"id":25030,"date":"2015-02-20T08:42:02","date_gmt":"2015-02-20T11:42:02","guid":{"rendered":"http:\/\/argentinamunicipal.com.ar\/argentina\/?p=25030"},"modified":"2015-02-20T08:42:02","modified_gmt":"2015-02-20T11:42:02","slug":"colon-comenzo-el-nuevo-plan-de-60-viviendas-en-el-barrio-el-ombu","status":"publish","type":"post","link":"http:\/\/argentinamunicipal.com.ar\/argentina\/colon-comenzo-el-nuevo-plan-de-60-viviendas-en-el-barrio-el-ombu\/","title":{"rendered":"Col\u00f3n: Comenz\u00f3 el nuevo Plan de 60 Viviendas en el barrio \u201cEl Omb\u00fa\u201d"},"content":{"rendered":"<p><a href=\"http:\/\/argentinamunicipal.com.ar\/argentina\/wp-content\/uploads\/2015\/02\/1333486779.jpg\"><img loading=\"lazy\" decoding=\"async\" class=\"aligncenter size-full wp-image-25031\" src=\"http:\/\/argentinamunicipal.com.ar\/argentina\/wp-content\/uploads\/2015\/02\/1333486779.jpg\" alt=\"1333486779\" width=\"640\" height=\"427\" srcset=\"http:\/\/argentinamunicipal.com.ar\/argentina\/wp-content\/uploads\/2015\/02\/1333486779.jpg 640w, http:\/\/argentinamunicipal.com.ar\/argentina\/wp-content\/uploads\/2015\/02\/1333486779-300x200.jpg 300w\" sizes=\"auto, (max-width: 640px) 100vw, 640px\" \/><\/a><\/p>\n<p>Se comenz\u00f3 con la marcaci\u00f3n de los terrenos y la delimitaci\u00f3n de los mismos para emprender, en los pr\u00f3ximos meses, la obra que contribuir\u00e1 a construir el sue\u00f1o de 60 familias m\u00e1s de Col\u00f3n de tener su casa propia.<\/p>\n<p>En la ma\u00f1ana de ayer, en barrio El Omb\u00fa, lindante al terreno donde se desarrollan las 16 Viviendas del programa de Cooperativas, se comenz\u00f3 un ambicioso plan habitacional que proyecta la construcci\u00f3n de 60 hogares enmarcados en el Programa Federal de Viviendas y Mejoramiento del H\u00e1bitat de Pueblos Originarios y Rurales.<\/p>\n<p>De esta manera, se prosigue con una de las principales pol\u00edticas de la Administraci\u00f3n Rebord, que es reducir el d\u00e9ficit habitacional de la ciudad, logros que se llevan adelante gestionando a trav\u00e9s de los programas nacionales, provinciales y tambi\u00e9n de \u00edndole municipal.<\/p>\n<p>Ayer por la ma\u00f1ana se comenz\u00f3 con la marcaci\u00f3n de los terrenos y la delimitaci\u00f3n de los mismos para emprender en los pr\u00f3ximos meses esta obra que contribuir\u00e1 a seguir construyendo el sue\u00f1o de 60 familias m\u00e1s de la ciudad a tener su casa propia.<br \/>\nCon el desarrollo de estos planes, se consolida el proyecto de 116 viviendas solamente en Barrio El Omb\u00fa, debido a la construcci\u00f3n de los hogares a trav\u00e9s de Cooperativas (16) estas 60 viviendas, m\u00e1s 40 del IAPV.<\/p>\n<h6>Fuente: El Once<\/h6>\n","protected":false},"excerpt":{"rendered":"<p>Se comenz\u00f3 con la marcaci\u00f3n de los terrenos y la delimitaci\u00f3n de los mismos para emprender, en los pr\u00f3ximos meses, la obra que contribuir\u00e1 a construir el sue\u00f1o de 60 familias m\u00e1s de Col\u00f3n de tener su casa propia. En la ma\u00f1ana de ayer, en barrio El Omb\u00fa, lindante al terreno donde se desarrollan las<\/p>\n","protected":false},"author":2,"featured_media":25031,"comment_status":"closed","ping_status":"closed","sticky":false,"template":"","format":"standard","meta":{"footnotes":""},"categories":[2],"tags":[17],"class_list":["post-25030","post","type-post","status-publish","format-standard","has-post-thumbnail","hentry","category-informe-municipal","tag-entre-rios"],"_links":{"self":[{"href":"http:\/\/argentinamunicipal.com.ar\/argentina\/wp-json\/wp\/v2\/posts\/25030","targetHints":{"allow":["GET"]}}],"collection":[{"href":"http:\/\/argentinamunicipal.com.ar\/argentina\/wp-json\/wp\/v2\/posts"}],"about":[{"href":"http:\/\/argentinamunicipal.com.ar\/argentina\/wp-json\/wp\/v2\/types\/post"}],"author":[{"embeddable":true,"href":"http:\/\/argentinamunicipal.com.ar\/argentina\/wp-json\/wp\/v2\/users\/2"}],"replies":[{"embeddable":true,"href":"http:\/\/argentinamunicipal.com.ar\/argentina\/wp-json\/wp\/v2\/comments?post=25030"}],"version-history":[{"count":0,"href":"http:\/\/argentinamunicipal.com.ar\/argentina\/wp-json\/wp\/v2\/posts\/25030\/revisions"}],"wp:featuredmedia":[{"embeddable":true,"href":"http:\/\/argentinamunicipal.com.ar\/argentina\/wp-json\/wp\/v2\/media\/25031"}],"wp:attachment":[{"href":"http:\/\/argentinamunicipal.com.ar\/argentina\/wp-json\/wp\/v2\/media?parent=25030"}],"wp:term":[{"taxonomy":"category","embeddable":true,"href":"http:\/\/argentinamunicipal.com.ar\/argentina\/wp-json\/wp\/v2\/categories?post=25030"},{"taxonomy":"post_tag","embeddable":true,"href":"http:\/\/argentinamunicipal.com.ar\/argentina\/wp-json\/wp\/v2\/tags?post=25030"}],"curies":[{"name":"wp","href":"https:\/\/api.w.org\/{rel}","templated":true}]}}