{"id":25061,"date":"2015-02-20T09:47:44","date_gmt":"2015-02-20T12:47:44","guid":{"rendered":"http:\/\/argentinamunicipal.com.ar\/argentina\/?p=25061"},"modified":"2015-02-20T09:47:44","modified_gmt":"2015-02-20T12:47:44","slug":"vecinos-de-zona-sur-de-rosario-debatieron-sobre-transporte","status":"publish","type":"post","link":"http:\/\/argentinamunicipal.com.ar\/argentina\/vecinos-de-zona-sur-de-rosario-debatieron-sobre-transporte\/","title":{"rendered":"Vecinos de zona sur de Rosario debatieron sobre transporte"},"content":{"rendered":"<p><a href=\"http:\/\/argentinamunicipal.com.ar\/argentina\/wp-content\/uploads\/2015\/02\/111084_rosario.jpg\"><img loading=\"lazy\" decoding=\"async\" class=\"alignright size-full wp-image-25062\" src=\"http:\/\/argentinamunicipal.com.ar\/argentina\/wp-content\/uploads\/2015\/02\/111084_rosario.jpg\" alt=\"111084_rosario\" width=\"544\" height=\"293\" srcset=\"http:\/\/argentinamunicipal.com.ar\/argentina\/wp-content\/uploads\/2015\/02\/111084_rosario.jpg 544w, http:\/\/argentinamunicipal.com.ar\/argentina\/wp-content\/uploads\/2015\/02\/111084_rosario-300x162.jpg 300w\" sizes=\"auto, (max-width: 544px) 100vw, 544px\" \/><\/a>La Comisi\u00f3n de Servicios P\u00fablicos se desarroll\u00f3 en un debate abierto y horizontal en el hall del Concejo Municipal. M\u00f3nica Alvarado del Ejecutivo hizo una presentaci\u00f3n del pliego, participaron concejales, vecinos y diferentes entidades.<\/p>\n<p>Con el objetivo de contribuir con propuestas y aportes de los usuarios al nuevo Pliego de Transporte Urbano de Pasajeros (TUP), los integrantes de la Comisi\u00f3n de Servicios P\u00fablicos, presidida por el Concejal Carlos Comi, mantuvieron un debate abierto junto a la Ing. M\u00f3nica Alvarado, Subsecretaria de Movilidad y Seguridad Vial, y a los vecinos del distrito sur, que expresaron sus necesidades en la reuni\u00f3n que se desarroll\u00f3 hoy al mediod\u00eda, en el Concejo Municipal.<\/p>\n<p>\u00abFue una buena reuni\u00f3n, en la que participaron muchos vecinos, entidades y fue un debate horizontal. Adem\u00e1s, se sum\u00f3 el Ejecutivo dando respuestas y completando con informaci\u00f3n. Queda mucho por hacer, pero en principio vamos a pasar este intercambio de palabras a nuevas ideas para mejorar el pliego\u00bb indic\u00f3 Comi, concejal perteneciente al Frente Amplio por la Coalici\u00f3n Civica-ARI.<\/p>\n<p>Del debate abierto, participaron representantes de las diferentes vecinales del distrito sur; entidades representantes de organizaciones vinculadas al tema de transporte; personas con discapacidad, quienes destacaron la necesidad de atender sus demandas de mejoramiento de las condiciones de su movilidad; los ediles integrantes de la comisi\u00f3n Mar\u00eda Julio Bonifacio, Manuel Sciutto, Miguel Cappiello, Aldo Pedro Poy, Osvaldo Miatello; y se sumaron los concejales Diego Giuliano y Sebasti\u00e1n Chale.<\/p>\n<p>La jornada se inici\u00f3 con una presentaci\u00f3n de la Ing. M\u00f3nica Alvarado del nuevo pliego del sistema de transporte pero apuntadoespec\u00edficamente a los recorridos de los ramales primarios y secundarios correspondientes a la zona sur. La Subsecretaria de Movilidad y Seguridad Vial tom\u00f3 nota de las modificaciones planteadas por los vecinos y se comprometi\u00f3 a realizar los cambios necesarios.<\/p>\n<h6>Fuente: Sin Mordaza<\/h6>\n","protected":false},"excerpt":{"rendered":"<p>La Comisi\u00f3n de Servicios P\u00fablicos se desarroll\u00f3 en un debate abierto y horizontal en el hall del Concejo Municipal. M\u00f3nica Alvarado del Ejecutivo hizo una presentaci\u00f3n del pliego, participaron concejales, vecinos y diferentes entidades. Con el objetivo de contribuir con propuestas y aportes de los usuarios al nuevo Pliego de Transporte Urbano de Pasajeros (TUP),<\/p>\n","protected":false},"author":2,"featured_media":25062,"comment_status":"closed","ping_status":"closed","sticky":false,"template":"","format":"standard","meta":{"footnotes":""},"categories":[2],"tags":[10],"class_list":["post-25061","post","type-post","status-publish","format-standard","has-post-thumbnail","hentry","category-informe-municipal","tag-santa-fe"],"_links":{"self":[{"href":"http:\/\/argentinamunicipal.com.ar\/argentina\/wp-json\/wp\/v2\/posts\/25061","targetHints":{"allow":["GET"]}}],"collection":[{"href":"http:\/\/argentinamunicipal.com.ar\/argentina\/wp-json\/wp\/v2\/posts"}],"about":[{"href":"http:\/\/argentinamunicipal.com.ar\/argentina\/wp-json\/wp\/v2\/types\/post"}],"author":[{"embeddable":true,"href":"http:\/\/argentinamunicipal.com.ar\/argentina\/wp-json\/wp\/v2\/users\/2"}],"replies":[{"embeddable":true,"href":"http:\/\/argentinamunicipal.com.ar\/argentina\/wp-json\/wp\/v2\/comments?post=25061"}],"version-history":[{"count":0,"href":"http:\/\/argentinamunicipal.com.ar\/argentina\/wp-json\/wp\/v2\/posts\/25061\/revisions"}],"wp:featuredmedia":[{"embeddable":true,"href":"http:\/\/argentinamunicipal.com.ar\/argentina\/wp-json\/wp\/v2\/media\/25062"}],"wp:attachment":[{"href":"http:\/\/argentinamunicipal.com.ar\/argentina\/wp-json\/wp\/v2\/media?parent=25061"}],"wp:term":[{"taxonomy":"category","embeddable":true,"href":"http:\/\/argentinamunicipal.com.ar\/argentina\/wp-json\/wp\/v2\/categories?post=25061"},{"taxonomy":"post_tag","embeddable":true,"href":"http:\/\/argentinamunicipal.com.ar\/argentina\/wp-json\/wp\/v2\/tags?post=25061"}],"curies":[{"name":"wp","href":"https:\/\/api.w.org\/{rel}","templated":true}]}}