{"id":25070,"date":"2015-02-20T10:00:51","date_gmt":"2015-02-20T13:00:51","guid":{"rendered":"http:\/\/argentinamunicipal.com.ar\/argentina\/?p=25070"},"modified":"2015-02-20T10:00:51","modified_gmt":"2015-02-20T13:00:51","slug":"lanzan-en-bahia-blanca-un-plan-comunal-para-la-inclusion","status":"publish","type":"post","link":"http:\/\/argentinamunicipal.com.ar\/argentina\/lanzan-en-bahia-blanca-un-plan-comunal-para-la-inclusion\/","title":{"rendered":"Lanzan en Bah\u00eda Blanca un plan comunal para la inclusi\u00f3n"},"content":{"rendered":"<p><a href=\"http:\/\/argentinamunicipal.com.ar\/argentina\/wp-content\/uploads\/2015\/02\/54e5bb06881a9_large.jpg\"><img loading=\"lazy\" decoding=\"async\" class=\"aligncenter  wp-image-25071\" src=\"http:\/\/argentinamunicipal.com.ar\/argentina\/wp-content\/uploads\/2015\/02\/54e5bb06881a9_large.jpg\" alt=\"54e5bb06881a9_large\" width=\"669\" height=\"338\" srcset=\"http:\/\/argentinamunicipal.com.ar\/argentina\/wp-content\/uploads\/2015\/02\/54e5bb06881a9_large.jpg 940w, http:\/\/argentinamunicipal.com.ar\/argentina\/wp-content\/uploads\/2015\/02\/54e5bb06881a9_large-300x152.jpg 300w\" sizes=\"auto, (max-width: 669px) 100vw, 669px\" \/><\/a><\/p>\n<p>El primer programa municipal de alfabetizaci\u00f3n para personas con discapacidad fue lanzado ayer por el director de Derechos Humanos, Omar Zarza, quien consider\u00f3 que se trata de \u201cun derecho fundamental que constituye la base de nuestra vida y la relaci\u00f3n con la sociedad\u201d.<\/p>\n<p>En conferencia de prensa, acompa\u00f1ado por maestras alfabetizadoras, entre ellas la docente Mirta Betancourt y la profesora en Educaci\u00f3n Especial Patricia Fern\u00e1ndez, anunci\u00f3 que las inscripciones se inician hoy en la sede de Lamadrid 237, de 8 a 14, o al tel\u00e9fono (0291) 4551681, e-mail divisi\u00f3naccesibilidadmbb@hotmail.com.<\/p>\n<p>El programa se desarrollar\u00e1 con los recursos humanos y materiales disponibles para el Programa de Alfabetizaci\u00f3n Municipal Maestra Estela Cavallero.<\/p>\n<p>Los 14 centros de alfabetizaci\u00f3n en marcha en distintos sectores de la ciudad y la totalidad de las maestras alfabetizadoras ser\u00e1n la base indispensable para lograr el objetivo planteado. La propuesta es para aquellos que no pudieron iniciarse en el proceso de alfabetizaci\u00f3n o requieran avanzar en el aprendizaje para una mayor inclusi\u00f3n social.<\/p>\n<h6>Fuente: La Nueva<\/h6>\n","protected":false},"excerpt":{"rendered":"<p>El primer programa municipal de alfabetizaci\u00f3n para personas con discapacidad fue lanzado ayer por el director de Derechos Humanos, Omar Zarza, quien consider\u00f3 que se trata de \u201cun derecho fundamental que constituye la base de nuestra vida y la relaci\u00f3n con la sociedad\u201d. En conferencia de prensa, acompa\u00f1ado por maestras alfabetizadoras, entre ellas la docente<\/p>\n","protected":false},"author":2,"featured_media":25071,"comment_status":"closed","ping_status":"closed","sticky":false,"template":"","format":"standard","meta":{"footnotes":""},"categories":[2],"tags":[12],"class_list":["post-25070","post","type-post","status-publish","format-standard","has-post-thumbnail","hentry","category-informe-municipal","tag-buenos-aires"],"_links":{"self":[{"href":"http:\/\/argentinamunicipal.com.ar\/argentina\/wp-json\/wp\/v2\/posts\/25070","targetHints":{"allow":["GET"]}}],"collection":[{"href":"http:\/\/argentinamunicipal.com.ar\/argentina\/wp-json\/wp\/v2\/posts"}],"about":[{"href":"http:\/\/argentinamunicipal.com.ar\/argentina\/wp-json\/wp\/v2\/types\/post"}],"author":[{"embeddable":true,"href":"http:\/\/argentinamunicipal.com.ar\/argentina\/wp-json\/wp\/v2\/users\/2"}],"replies":[{"embeddable":true,"href":"http:\/\/argentinamunicipal.com.ar\/argentina\/wp-json\/wp\/v2\/comments?post=25070"}],"version-history":[{"count":0,"href":"http:\/\/argentinamunicipal.com.ar\/argentina\/wp-json\/wp\/v2\/posts\/25070\/revisions"}],"wp:featuredmedia":[{"embeddable":true,"href":"http:\/\/argentinamunicipal.com.ar\/argentina\/wp-json\/wp\/v2\/media\/25071"}],"wp:attachment":[{"href":"http:\/\/argentinamunicipal.com.ar\/argentina\/wp-json\/wp\/v2\/media?parent=25070"}],"wp:term":[{"taxonomy":"category","embeddable":true,"href":"http:\/\/argentinamunicipal.com.ar\/argentina\/wp-json\/wp\/v2\/categories?post=25070"},{"taxonomy":"post_tag","embeddable":true,"href":"http:\/\/argentinamunicipal.com.ar\/argentina\/wp-json\/wp\/v2\/tags?post=25070"}],"curies":[{"name":"wp","href":"https:\/\/api.w.org\/{rel}","templated":true}]}}