{"id":25098,"date":"2015-02-21T09:17:23","date_gmt":"2015-02-21T12:17:23","guid":{"rendered":"http:\/\/argentinamunicipal.com.ar\/argentina\/?p=25098"},"modified":"2015-02-21T09:17:23","modified_gmt":"2015-02-21T12:17:23","slug":"punta-lara-apuran-los-plazos-para-la-nueva-planta-de-basura-en-la-region","status":"publish","type":"post","link":"http:\/\/argentinamunicipal.com.ar\/argentina\/punta-lara-apuran-los-plazos-para-la-nueva-planta-de-basura-en-la-region\/","title":{"rendered":"Punta Lara: Apuran los plazos para la nueva planta de basura en la Regi\u00f3n"},"content":{"rendered":"<div id=\"attachment_25099\" style=\"width: 631px\" class=\"wp-caption aligncenter\"><a href=\"http:\/\/argentinamunicipal.com.ar\/argentina\/wp-content\/uploads\/2015\/02\/big_3a048e7ed500071531ab3ec7c341a0d5.jpg\"><img loading=\"lazy\" decoding=\"async\" aria-describedby=\"caption-attachment-25099\" class=\"wp-image-25099 size-full\" src=\"http:\/\/argentinamunicipal.com.ar\/argentina\/wp-content\/uploads\/2015\/02\/big_3a048e7ed500071531ab3ec7c341a0d5.jpg\" alt=\"big_3a048e7ed500071531ab3ec7c341a0d5\" width=\"621\" height=\"383\" srcset=\"http:\/\/argentinamunicipal.com.ar\/argentina\/wp-content\/uploads\/2015\/02\/big_3a048e7ed500071531ab3ec7c341a0d5.jpg 621w, http:\/\/argentinamunicipal.com.ar\/argentina\/wp-content\/uploads\/2015\/02\/big_3a048e7ed500071531ab3ec7c341a0d5-300x185.jpg 300w\" sizes=\"auto, (max-width: 621px) 100vw, 621px\" \/><\/a><p id=\"caption-attachment-25099\" class=\"wp-caption-text\">Estiman que dejar\u00e1n de utilizar el relleno de Punta Lara antes del 1 de enero de 2017<\/p><\/div>\n<p>Confirmaron que la obra arrancar\u00e1 el 1 de abril y estar\u00e1 a cargo de la Ceamse. Dicen que estar\u00e1 lista en un a\u00f1o<\/p>\n<p>El primer d\u00eda de abril comenzar\u00e1 la construcci\u00f3n de la nueva planta de tratamiento de residuos para la Regi\u00f3n, y la Ceamse ser\u00e1 la empresa encargada de la obra. Lo asegur\u00f3 esta semana el gobierno bonaerense a trav\u00e9s del Organismo Provincial para el Desarrollo Sostenible (OPDS).<\/p>\n<p>El anuncio se realiz\u00f3 cuando resta menos de un mes para que venza el plazo que le impuso la Justicia al Ejecutivo provincial para que presente un cronograma de la construcci\u00f3n de la nueva planta. Esa presentaci\u00f3n debe realizarse antes del 15 de marzo ante la Suprema Corte.<\/p>\n<p>Quien realiz\u00f3 el anuncio de que la nueva planta comenzar\u00e1 a construirse en abril y que ya no ser\u00e1 una UTE (uni\u00f3n transitoria de empresas) la que la llevar\u00e1 a cabo, sino la compa\u00f1\u00eda estatal, fue el titular del OPDS, Hugo Bilbao. Adem\u00e1s asever\u00f3 que el plazo de la obra ser\u00e1 de un a\u00f1o.<\/p>\n<p>Bilbao dijo que la decisi\u00f3n de que la obra la lleve adelante la Ceamse se \u201cacord\u00f3 tras caerse\u201d el contrato que hab\u00edan firmado la Municipalidad de Ensenada y la UTE integrada por las empresas Sanea (del grupo espa\u00f1ol Gri\u00f1o), Esur y MGM (ambas platenses).<\/p>\n<p>El funcionario explic\u00f3 que \u201cla empresa que iba a instalarse dej\u00f3 de cumplir con algunas cuestiones, como la referente a la tecnolog\u00eda\u201d, y a\u00f1adi\u00f3 que \u201clos estudios de impacto ambiental tuvieron una serie de observaciones\u201d.<\/p>\n<p>\u201cPor ello, llegamos a la conclusi\u00f3n de que no era la adecuada\u201d, apunt\u00f3 el titular del OPDS.<\/p>\n<p>Como se sabe, el objetivo de la construcci\u00f3n de una nueva planta es el de cerrar de manera definitiva el relleno sanitario radicado en Punta Lara, Ensenada.<\/p>\n<p>Continuando con la argumentaci\u00f3n del cambio de constructor, el representante del gobierno bonaerense se\u00f1al\u00f3 que \u201ctodos los informes (de la UTE) fueron muy acelerados, y algunas inscripciones tuvieron car\u00e1cter precario. Incluso se cay\u00f3 la declaraci\u00f3n de impacto ambiental -reiter\u00f3-, por lo cual retomamos la negociaci\u00f3n con la empresa Ceamse, que actualmente se encarga de la disposici\u00f3n final de los residuos\u201d.<\/p>\n<p>ANTES DEL 2017<\/p>\n<p>Seg\u00fan Bilbao, el \u201ccompromiso\u201d de Ceamse \u201ces finalizar la planta en un a\u00f1o y dejar de utilizar el relleno sanitario de Punta Lara antes del 1\u00b0 de enero del 2017\u201d.<\/p>\n<p>De ese modo, indic\u00f3, el Gobierno cumplir\u00e1 con la exigencia judicial interpuesta por la Suprema Corte de la Provincia ante el planteo realizado por la ONG Nuevo Ambiente.<\/p>\n<p>Respecto de las caracter\u00edsticas de la nueva planta, que funcionar\u00e1 al lado del Aeroclub La Plata, el funcionario dijo que \u201cla Ceamse propone construir una planta de tratamiento mec\u00e1nico-biol\u00f3gica para unas 700 toneladas por d\u00eda, en funci\u00f3n de las necesidades de la regi\u00f3n capital\u201d.<\/p>\n<p>Y aclar\u00f3 que \u201call\u00ed se tratar\u00e1 el 100 por ciento de los residuos que generan los municipios de La Plata, Berisso, Ensenada, Punta Indio y Brandsen\u201d.<\/p>\n<p>\u201cCeamse maneja una planta de iguales caracter\u00edsticas y tiene acabada experiencia en la materia\u201d, opin\u00f3 Bilbao, y describi\u00f3 que en el nuevo emplazamiento se realizar\u00e1n las tareas de compactar, tratar y reciclar los residuos.<\/p>\n<p>\u201cTendr\u00e1 una sistema mec\u00e1nico para separar los residuos org\u00e1nicos e inorg\u00e1nicos; uno manual para papel, pl\u00e1stico y cart\u00f3n, y electromagn\u00e9tico para los materiales ferrosos. El sobrante se compacta, se envuelve y se usa para rellenar canteras\u201d, remat\u00f3.<\/p>\n<h6>Fuente: El D\u00eda<\/h6>\n","protected":false},"excerpt":{"rendered":"<p>Confirmaron que la obra arrancar\u00e1 el 1 de abril y estar\u00e1 a cargo de la Ceamse. Dicen que estar\u00e1 lista en un a\u00f1o El primer d\u00eda de abril comenzar\u00e1 la construcci\u00f3n de la nueva planta de tratamiento de residuos para la Regi\u00f3n, y la Ceamse ser\u00e1 la empresa encargada de la obra. Lo asegur\u00f3 esta<\/p>\n","protected":false},"author":2,"featured_media":25099,"comment_status":"closed","ping_status":"closed","sticky":false,"template":"","format":"standard","meta":{"footnotes":""},"categories":[2],"tags":[12],"class_list":["post-25098","post","type-post","status-publish","format-standard","has-post-thumbnail","hentry","category-informe-municipal","tag-buenos-aires"],"_links":{"self":[{"href":"http:\/\/argentinamunicipal.com.ar\/argentina\/wp-json\/wp\/v2\/posts\/25098","targetHints":{"allow":["GET"]}}],"collection":[{"href":"http:\/\/argentinamunicipal.com.ar\/argentina\/wp-json\/wp\/v2\/posts"}],"about":[{"href":"http:\/\/argentinamunicipal.com.ar\/argentina\/wp-json\/wp\/v2\/types\/post"}],"author":[{"embeddable":true,"href":"http:\/\/argentinamunicipal.com.ar\/argentina\/wp-json\/wp\/v2\/users\/2"}],"replies":[{"embeddable":true,"href":"http:\/\/argentinamunicipal.com.ar\/argentina\/wp-json\/wp\/v2\/comments?post=25098"}],"version-history":[{"count":0,"href":"http:\/\/argentinamunicipal.com.ar\/argentina\/wp-json\/wp\/v2\/posts\/25098\/revisions"}],"wp:featuredmedia":[{"embeddable":true,"href":"http:\/\/argentinamunicipal.com.ar\/argentina\/wp-json\/wp\/v2\/media\/25099"}],"wp:attachment":[{"href":"http:\/\/argentinamunicipal.com.ar\/argentina\/wp-json\/wp\/v2\/media?parent=25098"}],"wp:term":[{"taxonomy":"category","embeddable":true,"href":"http:\/\/argentinamunicipal.com.ar\/argentina\/wp-json\/wp\/v2\/categories?post=25098"},{"taxonomy":"post_tag","embeddable":true,"href":"http:\/\/argentinamunicipal.com.ar\/argentina\/wp-json\/wp\/v2\/tags?post=25098"}],"curies":[{"name":"wp","href":"https:\/\/api.w.org\/{rel}","templated":true}]}}