{"id":25126,"date":"2015-02-21T10:01:16","date_gmt":"2015-02-21T13:01:16","guid":{"rendered":"http:\/\/argentinamunicipal.com.ar\/argentina\/?p=25126"},"modified":"2015-02-21T10:01:16","modified_gmt":"2015-02-21T13:01:16","slug":"el-municipio-de-parana-firmo-un-convenio-con-ocho-librerias-y-habra-dos-canastas-escolares","status":"publish","type":"post","link":"http:\/\/argentinamunicipal.com.ar\/argentina\/el-municipio-de-parana-firmo-un-convenio-con-ocho-librerias-y-habra-dos-canastas-escolares\/","title":{"rendered":"El Municipio de Paran\u00e1 firm\u00f3 un convenio con ocho librer\u00edas y habr\u00e1 dos canastas escolares"},"content":{"rendered":"<p><a href=\"http:\/\/argentinamunicipal.com.ar\/argentina\/wp-content\/uploads\/2015\/02\/1203015272-utiles.jpg\"><img loading=\"lazy\" decoding=\"async\" class=\"aligncenter size-full wp-image-25127\" src=\"http:\/\/argentinamunicipal.com.ar\/argentina\/wp-content\/uploads\/2015\/02\/1203015272-utiles.jpg\" alt=\"1203015272-utiles\" width=\"530\" height=\"360\" srcset=\"http:\/\/argentinamunicipal.com.ar\/argentina\/wp-content\/uploads\/2015\/02\/1203015272-utiles.jpg 530w, http:\/\/argentinamunicipal.com.ar\/argentina\/wp-content\/uploads\/2015\/02\/1203015272-utiles-300x204.jpg 300w\" sizes=\"auto, (max-width: 530px) 100vw, 530px\" \/><\/a><\/p>\n<p>La Municipalidad de Paran\u00e1 y ocho empresas de venta de art\u00edculos de librer\u00eda de la ciudad celebraron este viernes la firma de un acta acuerdo en el marco del Programa \u201cPrecios Cuidados Paran\u00e1\u201d, en concordancia con el plan nacional y Red Comprar \u2022 Se acordaron dos canastas: una para la escuela primaria (de 80 pesos) y otra para la secundaria (a cien pesos) \u2022 La lista est\u00e1 publicada en el portal web del Municipio, se inform\u00f3 a APFDigital<\/p>\n<p>Los comercios Selplast, Alfa Librer\u00eda, Librer\u00eda Pichi, Papeler\u00eda Tomo I, Big Factory, La Esfera, Mega Shop Paran\u00e1 y Librer\u00eda Grafito tendr\u00e1n a disposici\u00f3n de sus clientes dos canastas escolares con precios accesibles, una para escolaridad primaria a 80 pesos y otra para la modalidad secundaria a cien pesos.<\/p>\n<p>Todas las empresas se hicieron presentes en el Palacio municipal a trav\u00e9s de un representante y se firm\u00f3 el acta junto al secretario de Gobierno Sergio Granetto y la presencia de funcionarios municipales y del representante de la Secretar\u00eda de Comercio de la Naci\u00f3n y red Comprar, Mat\u00edas Mart\u00ednez.<\/p>\n<p>Mar\u00eda Cristina Rouco, de Big Factory celebr\u00f3 el acuerdo: \u201cFue muy buena la experiencia el a\u00f1o pasado, sobre todo el kit de secundaria, que tuvo una rotaci\u00f3n importante. Una vez difundida por los medios la lista, fue masiva la concurrencia y la gente se volc\u00f3 a hacer las compras con m\u00e1s seguridad. Tenemos buenas expectativas para este a\u00f1o, pues en febrero ya se perfil\u00f3 bien el mes y creo que est\u00e1 muy bueno llegar a este acuerdo que beneficia a todos\u201d.<\/p>\n<p>La empresaria cit\u00f3 que la firma se hizo por dos kits \u201ccon productos que los ni\u00f1os y adolescentes necesitan para empezar las clases, contemplando ambas necesidades. Los precios se van a respetar, no van a cambiar y seguir\u00e1n siendo los mismos, incluido todo marzo. Y los kits ya est\u00e1n disponibles\u201d.<\/p>\n<p>Por su parte, Granetto resalt\u00f3 que las listas estar\u00e1n a disposici\u00f3n en el portal web municipal para su consulta (www.parana.gob.ar) y ser\u00e1n publicadas el pr\u00f3ximo domingo en los dos diarios de la capital provincial.<\/p>\n<p>\u201cEl espectro de librer\u00edas representa territorialmente la ciudad y con precios accesibles. Asimismo quiero destacar que los comercios que deseen adherirse pueden hacerlo acerc\u00e1ndose a la Secretar\u00eda de Producci\u00f3n (Col\u00f3n 115)\u201d, indic\u00f3 el funcionario, al tiempo que valor\u00f3 el trabajo conjunto de las \u00e1reas del Municipio, los estamentos del Estado involucrados en el rubro y los comercios.<\/p>\n<p>\u201cLos representantes de red Comprar Naci\u00f3n valoraron el desempe\u00f1o de los equipos municipales que han trabajado en esto y fue clave el trabajo en conjunto entre Naci\u00f3n, Provincia y Municipio para llegar a una propuesta concreta. La evaluaci\u00f3n con los comercios ha sido positiva respecto del a\u00f1o pasado as\u00ed que las expectativas para este a\u00f1o son buenas\u201d, sostuvo.<\/p>\n<h3>Los kits<\/h3>\n<p>El Kit Primaria, consta de un cuaderno tapa flex A5 16&#215;21 48 hojas rayadas; un cuaderno tapa dura 42 hojas ara\u00f1a rayada; un l\u00e1piz grafito n\u00ba 2 hexagonal; un kits de L\u00e1pices de colores x 12 largo; una regla 20 cm c\/ doble bisel; un sacapuntas pl\u00e1stico; un Papel glace sobre x 10hojas; un adhesivo sint\u00e9tico x 50cc; Crayones cortos x 12 unidades; una goma l\u00e1piz blanca c\/u; y un cuaderno tapa dura 84 hojas ara\u00f1a rayado. El precio final \u00fanico y acordado es de 80 pesos.<\/p>\n<p>En tanto el Kit Secundaria consta de un bol\u00edgrafo met. 1 mm. azul; un bol\u00edgrafo punta met. 1mm negro; un bol\u00edgrafo punta met 1mm rojo; un kits de L\u00e1pices de color x 12 largo; un repuesto escolar rayado x 400; un adhesivo sint\u00e9tico X 50 CC; una carpeta escolar 3a 25 mm fibra negra; una regla de 20 cm c7 doble bisel; una goma l\u00e1piz blanca; un l\u00e1piz grafito n\u00ba 2 hexagonal; un sacapuntas pl\u00e1stico; y un l\u00e1piz corrector pta. Metalica 7ml. El precio final \u00fanico y acordado es de cien pesos.<\/p>\n<h6>Fuente: APF Digital<\/h6>\n","protected":false},"excerpt":{"rendered":"<p>La Municipalidad de Paran\u00e1 y ocho empresas de venta de art\u00edculos de librer\u00eda de la ciudad celebraron este viernes la firma de un acta acuerdo en el marco del Programa \u201cPrecios Cuidados Paran\u00e1\u201d, en concordancia con el plan nacional y Red Comprar \u2022 Se acordaron dos canastas: una para la escuela primaria (de 80 pesos)<\/p>\n","protected":false},"author":2,"featured_media":25127,"comment_status":"closed","ping_status":"closed","sticky":false,"template":"","format":"standard","meta":{"footnotes":""},"categories":[2],"tags":[17],"class_list":["post-25126","post","type-post","status-publish","format-standard","has-post-thumbnail","hentry","category-informe-municipal","tag-entre-rios"],"_links":{"self":[{"href":"http:\/\/argentinamunicipal.com.ar\/argentina\/wp-json\/wp\/v2\/posts\/25126","targetHints":{"allow":["GET"]}}],"collection":[{"href":"http:\/\/argentinamunicipal.com.ar\/argentina\/wp-json\/wp\/v2\/posts"}],"about":[{"href":"http:\/\/argentinamunicipal.com.ar\/argentina\/wp-json\/wp\/v2\/types\/post"}],"author":[{"embeddable":true,"href":"http:\/\/argentinamunicipal.com.ar\/argentina\/wp-json\/wp\/v2\/users\/2"}],"replies":[{"embeddable":true,"href":"http:\/\/argentinamunicipal.com.ar\/argentina\/wp-json\/wp\/v2\/comments?post=25126"}],"version-history":[{"count":0,"href":"http:\/\/argentinamunicipal.com.ar\/argentina\/wp-json\/wp\/v2\/posts\/25126\/revisions"}],"wp:featuredmedia":[{"embeddable":true,"href":"http:\/\/argentinamunicipal.com.ar\/argentina\/wp-json\/wp\/v2\/media\/25127"}],"wp:attachment":[{"href":"http:\/\/argentinamunicipal.com.ar\/argentina\/wp-json\/wp\/v2\/media?parent=25126"}],"wp:term":[{"taxonomy":"category","embeddable":true,"href":"http:\/\/argentinamunicipal.com.ar\/argentina\/wp-json\/wp\/v2\/categories?post=25126"},{"taxonomy":"post_tag","embeddable":true,"href":"http:\/\/argentinamunicipal.com.ar\/argentina\/wp-json\/wp\/v2\/tags?post=25126"}],"curies":[{"name":"wp","href":"https:\/\/api.w.org\/{rel}","templated":true}]}}